{"id":102947,"date":"2025-01-30T10:23:59","date_gmt":"2025-01-30T10:23:59","guid":{"rendered":"https:\/\/rdnews.al\/?p=102947"},"modified":"2025-01-30T10:24:42","modified_gmt":"2025-01-30T10:24:42","slug":"gjici-gjykates-dua-te-bej-denimin-ne-shtepi","status":"publish","type":"post","link":"https:\/\/rdnews.al\/index.php\/2025\/01\/30\/gjici-gjykates-dua-te-bej-denimin-ne-shtepi\/","title":{"rendered":"Gjici-Gjykat\u00ebs: Dua t&#8217;a b\u00ebj d\u00ebnimin n\u00eb sht\u00ebpi"},"content":{"rendered":"<p>Gjykata ka rr\u00ebzuar k\u00ebrkes\u00ebn e\u00a0ish-kryebashkiakut t\u00eb Kuk\u00ebsit, Safet Gjici, i cili k\u00ebrkoi lirin\u00eb me pretendimin se vuante nga probleme sh\u00ebndet\u00ebsore.<\/p>\n<p>Safet Gjici kishte k\u00ebrkuar q\u00eb pjes\u00ebn tjet\u00ebr t\u00eb d\u00ebnimit ta kryente n\u00eb sht\u00ebpi. Por Gjykata e Elbasanit nuk e ka pranuar k\u00ebrkes\u00ebn e ish-kryebashkiakut t\u00eb Kuk\u00ebsit.<\/p>\n","protected":false},"excerpt":{"rendered":"<p>Gjykata ka rr\u00ebzuar k\u00ebrkes\u00ebn e\u00a0ish-kryebashkiakut t\u00eb Kuk\u00ebsit, Safet Gjici, i cili k\u00ebrkoi lirin\u00eb me pretendimin se vuante nga probleme sh\u00ebndet\u00ebsore. Safet Gjici kishte k\u00ebrkuar q\u00eb pjes\u00ebn tjet\u00ebr t\u00eb d\u00ebnimit ta kryente n\u00eb sht\u00ebpi. Por Gjykata e Elbasanit nuk e ka pranuar k\u00ebrkes\u00ebn e ish-kryebashkiakut t\u00eb Kuk\u00ebsit.<\/p>\n","protected":false},"author":3,"featured_media":49690,"comment_status":"closed","ping_status":"closed","sticky":false,"template":"","format":"standard","meta":{"footnotes":""},"categories":[37],"tags":[],"class_list":["post-102947","post","type-post","status-publish","format-standard","has-post-thumbnail","","category-politike"],"_links":{"self":[{"href":"https:\/\/rdnews.al\/index.php\/wp-json\/wp\/v2\/posts\/102947","targetHints":{"allow":["GET"]}}],"collection":[{"href":"https:\/\/rdnews.al\/index.php\/wp-json\/wp\/v2\/posts"}],"about":[{"href":"https:\/\/rdnews.al\/index.php\/wp-json\/wp\/v2\/types\/post"}],"author":[{"embeddable":true,"href":"https:\/\/rdnews.al\/index.php\/wp-json\/wp\/v2\/users\/3"}],"replies":[{"embeddable":true,"href":"https:\/\/rdnews.al\/index.php\/wp-json\/wp\/v2\/comments?post=102947"}],"version-history":[{"count":2,"href":"https:\/\/rdnews.al\/index.php\/wp-json\/wp\/v2\/posts\/102947\/revisions"}],"predecessor-version":[{"id":102949,"href":"https:\/\/rdnews.al\/index.php\/wp-json\/wp\/v2\/posts\/102947\/revisions\/102949"}],"wp:featuredmedia":[{"embeddable":true,"href":"https:\/\/rdnews.al\/index.php\/wp-json\/wp\/v2\/media\/49690"}],"wp:attachment":[{"href":"https:\/\/rdnews.al\/index.php\/wp-json\/wp\/v2\/media?parent=102947"}],"wp:term":[{"taxonomy":"category","embeddable":true,"href":"https:\/\/rdnews.al\/index.php\/wp-json\/wp\/v2\/categories?post=102947"},{"taxonomy":"post_tag","embeddable":true,"href":"https:\/\/rdnews.al\/index.php\/wp-json\/wp\/v2\/tags?post=102947"}],"curies":[{"name":"wp","href":"https:\/\/api.w.org\/{rel}","templated":true}]}}