{"id":102961,"date":"2025-01-30T11:46:37","date_gmt":"2025-01-30T11:46:37","guid":{"rendered":"https:\/\/rdnews.al\/?p=102961"},"modified":"2025-01-30T11:46:37","modified_gmt":"2025-01-30T11:46:37","slug":"shkarkimi-i-20-drejtoreve-ne-bashkine-e-tiranes-nuk-do-ta-shpetoje-kreun-e-5d","status":"publish","type":"post","link":"https:\/\/rdnews.al\/index.php\/2025\/01\/30\/shkarkimi-i-20-drejtoreve-ne-bashkine-e-tiranes-nuk-do-ta-shpetoje-kreun-e-5d\/","title":{"rendered":"Shkarkimi i 20 drejtor\u00ebve n\u00eb Bashkin\u00eb e Tiran\u00ebs nuk do ta shp\u00ebtoj\u00eb kreun e 5D!"},"content":{"rendered":"<p>Drejtuesi politik i PD p\u00ebr Tiran\u00ebn, Belind K\u00eblli\u00e7i shkruan n\u00eb nj\u00eb postim n\u00eb Facebbok se, Shkarkimi dhe flakja n\u00eb rrug\u00eb e 20 drejtor\u00ebve e shefave t\u00eb tjer\u00eb n\u00eb Bashkin\u00eb Tiran\u00eb, nuk do ta shp\u00ebtoj\u00eb kreun e 5D!<\/p>\n<p>K\u00eblli\u00e7i u ka b\u00ebr\u00eb thirrje qytetar\u00ebve t\u00eb Tiran\u00ebs t\u00eb dalin n\u00eb protest\u00ebn e radh\u00ebs nes\u00ebr n\u00eb or\u00ebn 11:00 para selis\u00eb s\u00eb korrupsionit dhe zyr\u00ebs s\u00eb hajdutit Erion Veliaj!<\/p>\n<p><strong>Postimi<\/strong><\/p>\n<p>Shkarkimi dhe flakja n\u00eb rrug\u00eb e 20 drejtor\u00ebve e shefave t\u00eb tjer\u00eb n\u00eb Bashkin\u00eb Tiran\u00eb, nuk do ta shp\u00ebtoj\u00eb kreun e 5D!<\/p>\n<p>Nes\u00ebr, dat\u00eb 31 janar, e premte, ora 11:00, shihemi n\u00eb protest\u00ebn e 44, para selis\u00eb s\u00eb korrupsionit dhe zyr\u00ebs s\u00eb hajdutit Erion Veliaj!<\/p>\n<p>Bashkia Tiran\u00eb do t\u00eb \u00e7lirohet nj\u00ebher\u00eb e mir\u00eb nga kthetrat e nj\u00eb keqb\u00ebr\u00ebsi, q\u00eb kund\u00ebrmon era korrupsion!<\/p>\n<p>O sot, o kurr\u00eb<\/p>\n","protected":false},"excerpt":{"rendered":"<p>Drejtuesi politik i PD p\u00ebr Tiran\u00ebn, Belind K\u00eblli\u00e7i shkruan n\u00eb nj\u00eb postim n\u00eb Facebbok se, Shkarkimi dhe flakja n\u00eb rrug\u00eb e 20 drejtor\u00ebve e shefave t\u00eb tjer\u00eb n\u00eb Bashkin\u00eb Tiran\u00eb, nuk do ta shp\u00ebtoj\u00eb kreun e 5D! K\u00eblli\u00e7i u ka b\u00ebr\u00eb thirrje qytetar\u00ebve t\u00eb Tiran\u00ebs t\u00eb dalin n\u00eb protest\u00ebn e radh\u00ebs nes\u00ebr n\u00eb or\u00ebn 11:00 &hellip;<\/p>\n","protected":false},"author":4,"featured_media":93313,"comment_status":"closed","ping_status":"closed","sticky":false,"template":"","format":"standard","meta":{"footnotes":""},"categories":[37],"tags":[],"class_list":["post-102961","post","type-post","status-publish","format-standard","has-post-thumbnail","","category-politike"],"_links":{"self":[{"href":"https:\/\/rdnews.al\/index.php\/wp-json\/wp\/v2\/posts\/102961","targetHints":{"allow":["GET"]}}],"collection":[{"href":"https:\/\/rdnews.al\/index.php\/wp-json\/wp\/v2\/posts"}],"about":[{"href":"https:\/\/rdnews.al\/index.php\/wp-json\/wp\/v2\/types\/post"}],"author":[{"embeddable":true,"href":"https:\/\/rdnews.al\/index.php\/wp-json\/wp\/v2\/users\/4"}],"replies":[{"embeddable":true,"href":"https:\/\/rdnews.al\/index.php\/wp-json\/wp\/v2\/comments?post=102961"}],"version-history":[{"count":1,"href":"https:\/\/rdnews.al\/index.php\/wp-json\/wp\/v2\/posts\/102961\/revisions"}],"predecessor-version":[{"id":102962,"href":"https:\/\/rdnews.al\/index.php\/wp-json\/wp\/v2\/posts\/102961\/revisions\/102962"}],"wp:featuredmedia":[{"embeddable":true,"href":"https:\/\/rdnews.al\/index.php\/wp-json\/wp\/v2\/media\/93313"}],"wp:attachment":[{"href":"https:\/\/rdnews.al\/index.php\/wp-json\/wp\/v2\/media?parent=102961"}],"wp:term":[{"taxonomy":"category","embeddable":true,"href":"https:\/\/rdnews.al\/index.php\/wp-json\/wp\/v2\/categories?post=102961"},{"taxonomy":"post_tag","embeddable":true,"href":"https:\/\/rdnews.al\/index.php\/wp-json\/wp\/v2\/tags?post=102961"}],"curies":[{"name":"wp","href":"https:\/\/api.w.org\/{rel}","templated":true}]}}