{"id":102988,"date":"2025-01-30T17:03:44","date_gmt":"2025-01-30T17:03:44","guid":{"rendered":"https:\/\/rdnews.al\/?p=102988"},"modified":"2025-01-30T17:03:44","modified_gmt":"2025-01-30T17:03:44","slug":"berisha-arben-ahmetaj-u-fakton-shqiptareve-se-djegesi-i-tiranes-ka-si-pronare-edi-ramen-dhe-erion-veliajn","status":"publish","type":"post","link":"https:\/\/rdnews.al\/index.php\/2025\/01\/30\/berisha-arben-ahmetaj-u-fakton-shqiptareve-se-djegesi-i-tiranes-ka-si-pronare-edi-ramen-dhe-erion-veliajn\/","title":{"rendered":"Berisha: Arben Ahmetaj u fakton shqiptar\u00ebve se djeg\u00ebsi i Tiran\u00ebs ka si pronar\u00eb Edi Ram\u00ebn dhe Erion Veliajn"},"content":{"rendered":"<p><strong>FJALA E KRYETARIT T\u00cb PD, SALI BERISHA N\u00cb FOLTOREN E KUVENDIT<\/strong><\/p>\n<p>Zonja dhe zot\u00ebrinj, prej tre dit\u00ebsh shoq\u00ebria shqiptare \u00ebsht\u00eb e tronditur nga intervista e zv.kryeministrit, njeriut m\u00eb t\u00eb af\u00ebrt p\u00ebr 10 vite p\u00ebr Edi Ram\u00ebn, Arben Ahmetajn.<\/p>\n<p>Mediat e qeveris\u00eb po b\u00ebjn\u00eb gjith\u00e7ka p\u00ebr ta censuruar. Lubi Balluku iu pret zonave t\u00eb t\u00ebra energjin\u00eb elektrike q\u00eb t\u00eb mos mund t\u00eb ndjekin intervist\u00ebn e tij n\u00eb televizione.<\/p>\n<p>Sulme t\u00eb \u00e7mendura b\u00ebhen ndaj atyre q\u00eb paraqesin segmente t\u00eb k\u00ebsaj interviste. Tronditja \u00ebsht\u00eb gjer n\u00eb palc\u00eb. Arben Ahmetaj, n\u00eb nj\u00eb akt konfesioni para kombit u fakton shqiptar\u00ebve se vjedhja e shekullit, djeg\u00ebsi i Tiran\u00ebs, p\u00ebr t\u00eb cilin nuk ekziston nam as nishan, por p\u00ebr t\u00eb cilin jan\u00eb paguar gjer sot 130 mln euro, ka si pron\u00ebsi Edi Ram\u00ebn dhe Erion Veliajn.<\/p>\n<p>Dhe akoma m\u00eb shum\u00eb, fakton dhe d\u00ebshmon akoma m\u00eb shum\u00eb, duke qen\u00eb i pranish\u00ebm se, Erion Veliaj, d\u00ebgjoje ti p\u00ebllumbesha, se je mikesh\u00eb e tij, se Erion Veliaj ka firmosur n\u00ebn presionin e tmerrsh\u00ebm t\u00eb Edi Ram\u00ebs, \u00e7\u2019ka shpjegon marrjen peng q\u00eb i b\u00ebn Lal Vjedh\u00ebsi Ram\u00ebs tani.<\/p>\n<p>I doli d\u00ebshmitari Erionit, ka firmosur n\u00ebn presion t\u00eb tmerrsh\u00ebm t\u00eb Edi Ram\u00ebs. Po, po.<\/p>\n<p>Arben Ahmetaj u faktoi shqitpar\u00ebve se Edi Rama b\u00ebn nj\u00eb jet\u00eb t\u00eb shthurur luksi t\u00eb tmerrsh\u00ebm n\u00eb kurriz t\u00eb tyre. Kur denoncoja un\u00eb k\u00ebtu \u00e7antat Hermes, Birkin, apo Bottega Veneto, apo louis Vuitton, filluat t\u2019i b\u00ebnit objekte n\u00ebp\u00ebr mediat sociale. Kur denoncoja k\u00ebtu k\u00ebpuc\u00ebt Loro Piana, Antonio Vietri, tjer\u00ebt e merrnin p\u00ebr t\u00eb qeshur, por ja q\u00eb na del Romano Conti, me 33 mij\u00eb euro shishja.<\/p>\n<p>33 mij\u00eb euro n\u00eb zyr\u00ebn e kryeminsitris\u00eb. Sa jan\u00eb 33 mij\u00eb euro?<\/p>\n<p>Jan\u00eb mbi 60 pensione. Ja ku na del bileta n\u00eb ndeshje 28 mij\u00eb euro. Detoksi Niko, si t\u00eb duket detoksi? Shkon 10 mij\u00eb euro detoksi n\u00eb Bolzano. \u00c7far\u00eb i thua ti zgjedh\u00ebsve, \u00e7far\u00eb u thua ti socialist\u00ebve p\u00ebr k\u00ebt\u00eb? P\u00ebr \u00ebkt\u00eb duhet t\u00eb b\u00ebhet debati sot, jo kjo \u00ebsht\u00eb \u00e7\u00ebshtja e debatit.<\/p>\n<p>Detoks. Dynden me kokain\u00eb, dhe pastaj shkojn\u00eb shpenzojn\u00eb, e pastaj merr nd\u00ebrtuesi q\u00eb paguan detoksin 10 mij\u00eb euro jav\u00ebn, t\u00eb dyve m\u00eb falni, edhe burrit edhe gruas. Po tjetri, q\u00eb paguan 17 \u00e7artera? Po kompania Air Albania q\u00eb falimentoi? Falimentoi! Fiks 20 milion\u00eb sa i shpenzoi Edi Rama me Ismailin me 140 fluturime. Po vazoja, 5 milion\u00eb euro. E di sa 20 milion\u00eb euro? Jan\u00eb 120 mij\u00eb pensione, Niko. Po, po!<\/p>\n<p>U plasi ju p\u00ebr pensionist\u00ebt. Sigurisht, more zot\u00ebri, se n\u00eb qoft\u00eb se mendoje si njeri, i pari duhej t\u00eb vendosej n\u00eb rend dite kjo intervist\u00eb, i pari duhet t\u00eb k\u00ebrkoje q\u00eb parlamenti t\u00eb krijonte komision dhe ta d\u00ebrgoje urgjent n\u00eb Zvic\u00ebr p\u00ebr t\u00eb marr\u00eb d\u00ebshmit\u00eb n\u00eb betim t\u00eb Arben Ahmetajt.<\/p>\n<p>Po kopshti privat i AKSHI-t, po grisja e flet\u00ebarresteve p\u00ebr kunatin e Lind\u00ebs dhe at\u00eb zonj\u00ebn e AKSHI-t? Po nj\u00eb Gentian Me\u00e7e q\u00eb i fiton t\u00eb gjitha tenderat me Armando Frangun?<\/p>\n<p>Po fitimi? Zot\u00ebri, thuaju pak socialist\u00ebve, si mund t\u00eb fitoj\u00eb nj\u00eb kompani, t\u00eb fus\u00eb 77 mij\u00eb euro dhe t\u00eb fitoj\u00eb 5 milion\u00eb, vet\u00ebm se \u00ebsht\u00eb baxhanaku i Edi Ram\u00ebs? A keni ju nd\u00ebrgjegje apo jo? A p\u00ebrfaq\u00ebsoni ju qytetar\u00ebt q\u00eb jan\u00eb n\u00eb hall e n\u00eb vuajtje? A keni ju t\u00eb s\u00ebmur\u00eb n\u00eb sht\u00ebpit\u00eb tuaja, apo n\u00eb spitale, t\u00eb cil\u00ebt vuajn\u00eb tmerr\u00ebsisht, shesin qimet e kok\u00ebs p\u00ebr t\u00eb paguar.<\/p>\n<p>Prandaj e p\u00ebrzen\u00eb k\u00ebt\u00eb, e keni v\u00ebn\u00eb re apo jo? E nxjerrin shqiptar\u00ebt jasht\u00eb, e p\u00ebrz\u00ebn\u00eb. Po, sigurisht q\u00eb e p\u00ebrz\u00ebn\u00eb, se p\u00ebrfaq\u00ebson bandat, p\u00ebrfa\u00ebson Edi Ram\u00ebn.<\/p>\n","protected":false},"excerpt":{"rendered":"<p>FJALA E KRYETARIT T\u00cb PD, SALI BERISHA N\u00cb FOLTOREN E KUVENDIT Zonja dhe zot\u00ebrinj, prej tre dit\u00ebsh shoq\u00ebria shqiptare \u00ebsht\u00eb e tronditur nga intervista e zv.kryeministrit, njeriut m\u00eb t\u00eb af\u00ebrt p\u00ebr 10 vite p\u00ebr Edi Ram\u00ebn, Arben Ahmetajn. Mediat e qeveris\u00eb po b\u00ebjn\u00eb gjith\u00e7ka p\u00ebr ta censuruar. Lubi Balluku iu pret zonave t\u00eb t\u00ebra energjin\u00eb &hellip;<\/p>\n","protected":false},"author":4,"featured_media":102989,"comment_status":"closed","ping_status":"closed","sticky":false,"template":"","format":"standard","meta":{"footnotes":""},"categories":[37],"tags":[],"class_list":["post-102988","post","type-post","status-publish","format-standard","has-post-thumbnail","","category-politike"],"_links":{"self":[{"href":"https:\/\/rdnews.al\/index.php\/wp-json\/wp\/v2\/posts\/102988","targetHints":{"allow":["GET"]}}],"collection":[{"href":"https:\/\/rdnews.al\/index.php\/wp-json\/wp\/v2\/posts"}],"about":[{"href":"https:\/\/rdnews.al\/index.php\/wp-json\/wp\/v2\/types\/post"}],"author":[{"embeddable":true,"href":"https:\/\/rdnews.al\/index.php\/wp-json\/wp\/v2\/users\/4"}],"replies":[{"embeddable":true,"href":"https:\/\/rdnews.al\/index.php\/wp-json\/wp\/v2\/comments?post=102988"}],"version-history":[{"count":1,"href":"https:\/\/rdnews.al\/index.php\/wp-json\/wp\/v2\/posts\/102988\/revisions"}],"predecessor-version":[{"id":102990,"href":"https:\/\/rdnews.al\/index.php\/wp-json\/wp\/v2\/posts\/102988\/revisions\/102990"}],"wp:featuredmedia":[{"embeddable":true,"href":"https:\/\/rdnews.al\/index.php\/wp-json\/wp\/v2\/media\/102989"}],"wp:attachment":[{"href":"https:\/\/rdnews.al\/index.php\/wp-json\/wp\/v2\/media?parent=102988"}],"wp:term":[{"taxonomy":"category","embeddable":true,"href":"https:\/\/rdnews.al\/index.php\/wp-json\/wp\/v2\/categories?post=102988"},{"taxonomy":"post_tag","embeddable":true,"href":"https:\/\/rdnews.al\/index.php\/wp-json\/wp\/v2\/tags?post=102988"}],"curies":[{"name":"wp","href":"https:\/\/api.w.org\/{rel}","templated":true}]}}