{"id":102991,"date":"2025-01-30T17:11:28","date_gmt":"2025-01-30T17:11:28","guid":{"rendered":"https:\/\/rdnews.al\/?p=102991"},"modified":"2025-01-30T18:05:22","modified_gmt":"2025-01-30T18:05:22","slug":"noka-te-tmerruar-nga-vota-e-diaspores-kerkoni-qe-te-votojne-ata-qe-ju-po-regjistroni","status":"publish","type":"post","link":"https:\/\/rdnews.al\/index.php\/2025\/01\/30\/noka-te-tmerruar-nga-vota-e-diaspores-kerkoni-qe-te-votojne-ata-qe-ju-po-regjistroni\/","title":{"rendered":"Noka: T\u00eb tmerruar nga vota e diaspor\u00ebs,\u00a0k\u00ebrkoni q\u00eb t\u00eb votojn\u00eb vet\u00ebm ata q\u00eb ju po regjistroni"},"content":{"rendered":"<p>Sekretari i P\u00ebrgjithsh\u00ebm i PD, Flamur Noka n\u00eb fjal\u00ebn e tij n\u00eb seancen e sotme n\u00eb Kuvend\u00a0ka shprehur shqet\u00ebsimin e tij lidhur me m\u00ebnyr\u00ebn e trajtimit t\u00eb vot\u00ebs s\u00eb diaspor\u00ebs, duke theksuar se nuk \u00ebsht\u00eb k\u00ebrkuar selektivitet, por vet\u00ebm q\u00eb \u00e7do shtetas shqiptar i regjistruar n\u00eb regjistrin e gjendjes civile t\u00eb ket\u00eb t\u00eb drejt\u00ebn e vot\u00ebs.<\/p>\n<p>Noka ka b\u00ebr\u00eb thirrje p\u00ebr nj\u00eb trajtim t\u00eb barabart\u00eb dhe p\u00ebr t\u00eb garantuar q\u00eb \u00e7do qytetar, pavar\u00ebsisht vendndodhjes dhe dokumenteve t\u00eb identifikimit q\u00eb disponon, t\u00eb mund t\u00eb votoj\u00eb pa pengesa. P\u00ebrmes k\u00ebtij q\u00ebndrimi, ai ka k\u00ebrkuar q\u00eb t\u00eb respektohen t\u00eb drejtat e shqiptar\u00ebve jasht\u00eb vendit, duke iu referuar Kushtetut\u00ebs, q\u00eb garanton t\u00eb drejt\u00ebn e vot\u00ebs p\u00ebr t\u00eb gjith\u00eb qytetar\u00ebt.<\/p>\n<p><strong>\u00a0\u201c<\/strong>Ne k\u00ebrkuam vot\u00ebn e diaspor\u00ebs, por nuk k\u00ebrkuam q\u00eb t\u00eb ket\u00eb selektivitet, k\u00ebrkuam q\u00eb \u00e7do shtetas shqiptar q\u00eb \u00ebsht\u00eb i regjistruar n\u00eb regjistrin e gjendjes civile, pavar\u00ebsisht ku ndodhet dhe pavar\u00ebsisht \u00e7far\u00eb dokumenti identifikimi disponon, shqiptar apo jo, ai duhet t\u00eb votoj\u00eb. Pse? Sepse k\u00ebt\u00eb t\u00eb drejt\u00eb ja njeh Kushtetuta.<\/p>\n<p>\u00c7far\u00eb ndryshimi ka pasaporta biometrike e jona me k\u00ebt\u00eb pasaport\u00eb biometrike t\u00eb tim eti k\u00ebtu?<\/p>\n<p>Niko, im at\u00eb ka pasaport\u00ebn biometrike t\u00eb nj\u00eb shteti t\u00eb Europ\u00ebs, \u00ebsht\u00eb shtetas europian.<br \/>\nTani\u00a0po t\u00eb b\u00ebj nj\u00eb pyetje un\u00eb, k\u00ebtu thot\u00eb Dalip Noka. Vendlindja Novoselje Kuk\u00ebs, dat\u00eblindja 23 shtator 1935, \u00ebsht\u00eb \u201cfotografia\u201d, k\u00ebtu jan\u00eb t\u00eb gjitha t\u00eb dh\u00ebnat biometrike.<\/p>\n<p>P\u00ebr \u00e7far\u00eb i duhen dokumentet nj\u00eb qytetari q\u00eb t\u00eb regjistrohet n\u00eb KQZ, p\u00ebr t\u00eb treguar q\u00eb \u00ebsht\u00eb ky shtetas dhe k\u00ebto t\u00eb dh\u00ebna korrespondojn\u00eb me shtetasin p\u00ebrkat\u00ebs n\u00eb regjistrin e t\u00eb dh\u00ebnave civile?<\/p>\n<p>Ne i k\u00ebrkojm\u00eb Europ\u00ebs t\u00eb njoh\u00eb patentat e shqiptar\u00ebve dhe ata na i njohin, nd\u00ebrsa ju, nga frika q\u00eb ju voton kund\u00ebr diaspora, i mohoni k\u00ebto dokumenta.<\/p>\n<p>Ju jeni t\u00eb tmerruar nga vota e diaspor\u00ebs dhe k\u00ebrkoni selektivitet, q\u00eb t\u00eb votojn\u00eb ata q\u00eb ju po regjistroni, nj\u00eb pjes\u00eb me patronazhim, dhe pjesa tjet\u00ebr jo.<\/p>\n<p>Zoti, \u00e7do shtetas shqiptar, me pasaport\u00eb amerikane, apo europiane, kanadeze, australiane, Britanis\u00eb\u00a0t\u00eb Madhe apo kudo, ka t\u00eb drejtat nj\u00ebsoj si ne, p\u00ebr sa koh\u00eb \u00ebsht\u00eb shtetas shqiptar dhe \u00ebsht\u00eb n\u00eb regjistrin e gjendjes civile\u201d, tha Noka.<\/p>\n","protected":false},"excerpt":{"rendered":"<p>Sekretari i P\u00ebrgjithsh\u00ebm i PD, Flamur Noka n\u00eb fjal\u00ebn e tij n\u00eb seancen e sotme n\u00eb Kuvend\u00a0ka shprehur shqet\u00ebsimin e tij lidhur me m\u00ebnyr\u00ebn e trajtimit t\u00eb vot\u00ebs s\u00eb diaspor\u00ebs, duke theksuar se nuk \u00ebsht\u00eb k\u00ebrkuar selektivitet, por vet\u00ebm q\u00eb \u00e7do shtetas shqiptar i regjistruar n\u00eb regjistrin e gjendjes civile t\u00eb ket\u00eb t\u00eb drejt\u00ebn e &hellip;<\/p>\n","protected":false},"author":4,"featured_media":103010,"comment_status":"closed","ping_status":"closed","sticky":false,"template":"","format":"standard","meta":{"footnotes":""},"categories":[37],"tags":[],"class_list":["post-102991","post","type-post","status-publish","format-standard","has-post-thumbnail","","category-politike"],"_links":{"self":[{"href":"https:\/\/rdnews.al\/index.php\/wp-json\/wp\/v2\/posts\/102991","targetHints":{"allow":["GET"]}}],"collection":[{"href":"https:\/\/rdnews.al\/index.php\/wp-json\/wp\/v2\/posts"}],"about":[{"href":"https:\/\/rdnews.al\/index.php\/wp-json\/wp\/v2\/types\/post"}],"author":[{"embeddable":true,"href":"https:\/\/rdnews.al\/index.php\/wp-json\/wp\/v2\/users\/4"}],"replies":[{"embeddable":true,"href":"https:\/\/rdnews.al\/index.php\/wp-json\/wp\/v2\/comments?post=102991"}],"version-history":[{"count":2,"href":"https:\/\/rdnews.al\/index.php\/wp-json\/wp\/v2\/posts\/102991\/revisions"}],"predecessor-version":[{"id":102993,"href":"https:\/\/rdnews.al\/index.php\/wp-json\/wp\/v2\/posts\/102991\/revisions\/102993"}],"wp:featuredmedia":[{"embeddable":true,"href":"https:\/\/rdnews.al\/index.php\/wp-json\/wp\/v2\/media\/103010"}],"wp:attachment":[{"href":"https:\/\/rdnews.al\/index.php\/wp-json\/wp\/v2\/media?parent=102991"}],"wp:term":[{"taxonomy":"category","embeddable":true,"href":"https:\/\/rdnews.al\/index.php\/wp-json\/wp\/v2\/categories?post=102991"},{"taxonomy":"post_tag","embeddable":true,"href":"https:\/\/rdnews.al\/index.php\/wp-json\/wp\/v2\/tags?post=102991"}],"curies":[{"name":"wp","href":"https:\/\/api.w.org\/{rel}","templated":true}]}}