{"id":102994,"date":"2025-01-30T17:17:00","date_gmt":"2025-01-30T17:17:00","guid":{"rendered":"https:\/\/rdnews.al\/?p=102994"},"modified":"2025-01-30T17:17:00","modified_gmt":"2025-01-30T17:17:00","slug":"zgjohuni-si-mund-te-durohet-me-ky-shkatrrimtar","status":"publish","type":"post","link":"https:\/\/rdnews.al\/index.php\/2025\/01\/30\/zgjohuni-si-mund-te-durohet-me-ky-shkatrrimtar\/","title":{"rendered":"Zgjohuni, si mund t\u00eb durohet m\u00eb ky shkatrrimtar?!"},"content":{"rendered":"<p><strong>Nga\u00a0Ndri\u00e7im KULLA<\/strong><\/p>\n<p>Disa nga b\u00ebmat e\u00a0mbuluara t\u00eb narkoshtetit\u00a0u zbuluan dhe dol\u00ebn n\u00eb drit\u00eb t\u00eb diellit\u00a0n\u00eb rr\u00ebfimin e tret\u00eb t\u00eb Arben Ahmetaj. K\u00ebto fakte t\u00eb reja\u00a0tregojn\u00eb qarte dhe m\u00eb qart\u00eb se pse po largohen njer\u00ebzit nj\u00eb nga nj\u00eb nga Shqip\u00ebria, duke i l\u00ebn\u00eb trojet e saj n\u00eb nj\u00eb shkret\u00ebtir\u00eb totale. Jan\u00eb fakte shum\u00eb drith\u00ebruese t\u00eb cilat, n\u00ebse i rid\u00ebgjon prej nj\u00eb kohe t\u00eb baraslarguar nga koha jon\u00eb t\u00eb cil\u00ebn po e p\u00ebrjetojn\u00eb me vuajtje p\u00ebr shkak t\u00eb tyre, t\u00eb b\u00ebjn\u00eb q\u00eb t\u00eb l\u00ebviz\u00ebsh nga vendi dhe t\u00eb vraposh n\u00eb p\u00ebrpjekje p\u00ebr ti harruar k\u00ebto tmerre. K\u00ebto t\u00eb v\u00ebrteta q\u00eb p\u00ebr s\u00eb treti iu hap\u00eb kapaku i misterit dhe shp\u00ebrthyen nga e ish zv kryeministrit, d\u00ebshmojn\u00eb p\u00ebr nj\u00eb realitet social t\u00eb pa\u00a0jetuesh\u00ebm n\u00eb Shqip\u00ebri. Duket qart\u00eb se Zeusi i hajnis\u00eb q\u00eb ka hipur tin\u00ebz duke u kacevjerrur mbi t\u00ebr\u00eb pushtetin e shqiptar\u00ebve me grabitje votash dhe dredhi mesjetare ka hapur goj\u00ebn e gryk\u00ebsis\u00eb dhe n\u00eb nj\u00eb betej\u00eb shkat\u00ebrrimtare po vazhdon q\u00eb t\u00eb p\u00ebrpij\u00eb \u00e7do cep toke ose shtylle elektrike q\u00eb shikon n\u00eb rrug\u00eb.<\/p>\n<p>Arben Ahmetaj n\u00eb arrati \u00ebsht\u00eb nj\u00eb produkt i sistemit politik q\u00eb e ndihmoi edhe s\u2019ka se si t\u00eb mos jet\u00eb edhe bashk\u00ebfajtor, por q\u00eb duhet vler\u00ebsuar q\u00eb tash ai po bashk\u00ebpunon me publikun duke e akuzuar fort regjimin dhe kreun e saj.<\/p>\n<p>K\u00ebsaj radhe faktet e kthyera n\u00eb fenomene t\u00eb pa besueshme nga bota e tmerrshme e k\u00ebtij regjimi, erdh\u00ebn publikisht, si\u00a0nj\u00eb d\u00ebshmi e rrall\u00eb e asaj bote t\u00eb kriminalizuar t\u00ebr\u00ebsisht nga padrejt\u00ebsit\u00eb, hipokrizit\u00eb, vjedhjet masive t\u00eb pasurive t\u00eb popullit, drog\u00ebs, burgimet politike t\u00eb kund\u00ebrshtar\u00ebve, intrigave monstruoze dhe\u00a0\u00e7do gj\u00ebje tjet\u00ebr t\u00eb keqe q\u00eb po krijon nj\u00eb i mallkuar.<\/p>\n<p>Edhe Bota e tret\u00eb do ti d\u00ebgjonte me habi historit\u00eb e rr\u00ebfyera t\u00eb narkodiktatur\u00ebs shqiptare prej ish kryeministrit shqiptar t\u00eb regjimit.<\/p>\n<p>Si \u00ebsht\u00eb e mundur qe shqiptar\u00ebt sot d\u00ebgjojn\u00eb me indiferentiz\u00ebm histori t\u00eb tilla anormaliteti, t\u00eb cilat i p\u00ebrjetojn\u00eb p\u00ebrdit\u00eb n\u00eb \u00e7do cep\u00a0t\u00eb jet\u00ebs\u00a0s\u00eb tyre t\u00eb v\u00ebshtir\u00eb dhe t\u00eb mos shprehin revolt\u00ebn e tyre t\u00eb zjarrt\u00eb n\u00eb koh\u00ebn e duhur\u00a0p\u00ebr ta p\u00ebrmbysur dhe \u201cp\u00ebr ta shkulur\u00a0nga rr\u00ebnj\u00ebt\u201d\u00a0far\u00ebn e keqe q\u00eb po na p\u00ebrpin\u00eb vazhdim\u00ebsin\u00eb e jet\u00ebs, t\u00eb tradit\u00ebs, t\u00eb ekzistenc\u00ebs komb\u00ebtare, \u00ebndrr\u00ebn\u00a0dhe dashurin\u00eb p\u00ebr ta g\u00ebzuar jet\u00ebn n\u00eb k\u00ebt\u00eb vend?!<\/p>\n<p>M\u00eb vjen nd\u00ebrmend n\u00eb k\u00ebto \u00e7aste nj\u00eb kontrast i thell\u00eb historik\u00eb,\u00a0kur kujtoj se shqiptar\u00ebt kan\u00eb ngritur krye\u00a0nj\u00eb here n\u00eb dhjet vjet n\u00ebn sundimin otoman, i kan\u00eb dh\u00ebn\u00eb lirin\u00eb Greqis\u00eb, kan\u00eb shp\u00ebtuar mbi nj\u00eb her\u00eb rr\u00ebnimin e Perandoris\u00eb Otomane, i kan\u00eb dh\u00ebn\u00eb Rom\u00ebs\u00a0dhe qytet\u00ebrimit per\u00ebndimor q\u00ebndresa t\u00eb \u00e7muara\u00a0historike dhe qart\u00ebsisht, mbeten nd\u00ebr popujt m\u00eb kontribuues t\u00eb qytet\u00ebrimit evropian n\u00eb proporcion me numrin e popullsis\u00eb. Por\u00a0sot fatkeq\u00ebsisht, nuk po dallojn\u00eb n\u00eb koh\u00ebn e duhur t\u00eb mir\u00ebn nga e keqja, duke mos gjetur forc\u00ebn dhe kthjellt\u00ebsin\u00eb q\u00eb ta ndalin t\u00eb keqen e tyre q\u00eb i ka pllakosur.<\/p>\n<p>\u201cNe vuajm\u00eb urin\u00eb, nd\u00ebrsa i mallkuari pi ver\u00eb 33 mij\u00eb euro nj\u00eb shishe\u201d dhe ha darke n\u00eb kopshtin e luleve &#8211; deklaroi\u00a0n\u00eb k\u00ebt\u00eb rr\u00ebfim d\u00ebshmitari okular i ngjarjes Arben Ahmetaj p\u00ebr Edi Ram\u00ebn,\u00a0duke e konkretizuar me prov\u00eb d\u00ebshmin\u00eb.<\/p>\n<p>\u00c7far\u00eb do t\u00eb ndodhte n\u00eb Kroaci ose gjetk\u00eb p\u00ebrreth nesh\u00a0n\u00eb rast se kryeministri nd\u00ebrton nj\u00eb histori korruptive 50 milion\u00ebshe si ajo q\u00eb\u00a0Edi Rama\u00a0 krijoi me biznesmen\u00ebt turq p\u00ebr t\u2019iu \u201cdhuruar\u201d nd\u00ebrtimin e tunelit t\u00eb Llogoras\u00eb pa tender fare, me kosto t\u00eb\u00a0 trefishuar dhe jasht\u00eb kritereve konkurruese?! Pse ia lejojm\u00eb ende vetes statuskuon\u00eb e dhimbshme dhe p\u00ebr\u00e7muese q\u00eb na ka krijuar regjimi?!<\/p>\n<p>Ndalimi urdh\u00ebrues i transparenc\u00ebs e ka kthyer Shqip\u00ebrin\u00eb e realitetit diktatorial t\u00eb Edi Ram\u00ebs n\u00eb nj\u00eb bunker pa informacion, duke i shkaktuar pasoja t\u00eb dhimbshme demokracis\u00eb, liris\u00eb dhe zhvillimit t\u00eb vendit.<\/p>\n<p>Biseda e gjat\u00eb e realizuar nga gazetari mir\u00ebnjohur \u00c7im Peka live n\u00eb Syri. tv ndri\u00e7oi edhe m\u00eb qart\u00eb t\u00eb th\u00ebnat e her\u00eb pas hershme nga opozita dhe sidomos prej\u00a0asaj medie\u00a0 t\u00eb lire e t\u00eb pa kapur, se Edi Rama tashm\u00eb \u00ebsht\u00eb\u00a0 b\u00ebr\u00eb pron\u00eb e sigurt e mafies, e cila me fuqin\u00eb shtr\u00ebnguese t\u00eb prodhimit dhe trafikimit t\u00eb drog\u00ebs, korrupsionit dhe krimit t\u00eb organizuar, e ka shnd\u00ebrruar kryeministrin n\u00eb nj\u00eb veg\u00ebl\u00a0 t\u00eb skllav\u00ebruar q\u00eb i b\u00ebn t\u00eb mundur autostrad\u00ebs s\u00eb krimit dhe veprimtaris\u00eb antiligjore t\u00eb jet\u00eb pa fund\u00ebsisht e hapur..<\/p>\n<p>P\u00ebr t\u00eb qen\u00eb i sinqert\u00eb, un\u00eb t\u00eb v\u00ebrtetat q\u00eb d\u00ebshmoi Ahmetaj n\u00eb k\u00ebt\u00eb bised\u00eb i p\u00ebrjetoj si t\u00eb v\u00ebrteta drith\u00ebruese, t\u00eb cilat i d\u00ebshmon nj\u00eb person i cili ka qen\u00eb pjes\u00ebtar\u00eb n\u00eb shpell\u00ebn e krimeve, me faj apo pa faj k\u00ebt\u00eb\u00a0do ta\u00a0 provoj drejt\u00ebsia n\u00eb t\u00eb ardhmen, por jo kjo drejt\u00ebsi\u00a0 q\u00eb drejton Altin Dumani dhe Sokol Sadushi. Mafia, kreun e zgjedhur t\u00eb saj, p\u00ebrtej perdeve\u00a0t\u00eb err\u00ebsir\u00ebs pa transparenc\u00eb, e ka marr\u00eb dor\u00eb p\u00ebr dore dhe po e sh\u00ebtit nga nj\u00eb denstinacion relaksues n\u00eb tjet\u00ebrin, duke p\u00ebrk\u00ebdhelur nd\u00ebrkoh\u00eb interesat e saj t\u00eb kundraligjshme n\u00eb fytyr\u00ebn e tij<\/p>\n<p>Ku gjendet SPAK-u i pseudodrejt\u00ebsis\u00eb\u00a0s\u00eb sotme\u00a0mbas k\u00ebsaj dite, kur ish zv kryeministri regjimit q\u00eb po vet\u00eb denoncon regjimin, deklaron se Ram\u00ebs dhe zonj\u00ebs\u00a0s\u00eb tij i jan\u00eb paguar nga nj\u00eb biznesmen af\u00ebr familjes nga 8000 euro secilit\u00a0vet\u00ebm p\u00ebr\u00a0nj\u00eb seanc\u00eb n\u00eb nj\u00eb hotel detoksifikimi n\u00eb Itali. SPAK-un taksapaguesit shqiptar\u00eb e kan\u00eb investuar me sakrific\u00eb p\u00ebr t\u00eb hetuar abuzuesit e\u00a0financave publike me pushtetin dhe jo p\u00ebr t\u00eb ruajtur pushtetin e Edi Ram\u00ebs,\u00a0si ushtari n\u00eb vendroje?!<\/p>\n<p>Krimi po b\u00ebn spektak\u00ebl.<\/p>\n<p>N\u00eb Kolumbin\u00eb bot\u00ebrore t\u00eb drog\u00ebs, trafikant\u00ebt\u00a0 mund ta p\u00ebrfytyrojn\u00eb si nj\u00eb \u00ebnd\u00ebrr t\u00eb pa realizuar kurr\u00eb q\u00eb t\u00eb kishin\u00a0 kryeminist\u00ebr nj\u00eb si ky i yni, i cili vendos komisar policie bashk\u00ebpunues me trafikantet, drejtorin\u00a0 e p\u00ebrgjithsh\u00ebm t\u00eb porositur nga gjiri i hienave t\u00eb kokain\u00ebs, prokuror\u00eb figura q\u00eb kan\u00eb l\u00ebvizur n\u00ebp\u00ebr skutat e err\u00ebta t\u00eb bashk\u00ebpunimit me krimin, ministra, q\u00eb koordinohen prej kriminel\u00ebve dhe mbi t\u00eb gjitha nj\u00eb kryeminist\u00ebr q\u00eb \u00ebsht\u00eb ushtrues i profesionit\u00a0 t\u00eb gjitha k\u00ebtyre profesioneve q\u00eb e kan\u00eb b\u00ebr\u00eb shtetin g\u00ebrdall\u00eb dhe demokracin\u00eb inekzistente.<\/p>\n<p>Zgjohuni o njer\u00ebz, si mund ta durojm\u00eb\u00a0m\u00eb tej k\u00ebt\u00eb shkat\u00ebrrimtar?!<\/p>\n","protected":false},"excerpt":{"rendered":"<p>Nga\u00a0Ndri\u00e7im KULLA Disa nga b\u00ebmat e\u00a0mbuluara t\u00eb narkoshtetit\u00a0u zbuluan dhe dol\u00ebn n\u00eb drit\u00eb t\u00eb diellit\u00a0n\u00eb rr\u00ebfimin e tret\u00eb t\u00eb Arben Ahmetaj. K\u00ebto fakte t\u00eb reja\u00a0tregojn\u00eb qarte dhe m\u00eb qart\u00eb se pse po largohen njer\u00ebzit nj\u00eb nga nj\u00eb nga Shqip\u00ebria, duke i l\u00ebn\u00eb trojet e saj n\u00eb nj\u00eb shkret\u00ebtir\u00eb totale. Jan\u00eb fakte shum\u00eb drith\u00ebruese t\u00eb cilat, &hellip;<\/p>\n","protected":false},"author":4,"featured_media":16580,"comment_status":"closed","ping_status":"closed","sticky":false,"template":"","format":"standard","meta":{"footnotes":""},"categories":[44],"tags":[],"class_list":["post-102994","post","type-post","status-publish","format-standard","has-post-thumbnail","","category-editorial"],"_links":{"self":[{"href":"https:\/\/rdnews.al\/index.php\/wp-json\/wp\/v2\/posts\/102994","targetHints":{"allow":["GET"]}}],"collection":[{"href":"https:\/\/rdnews.al\/index.php\/wp-json\/wp\/v2\/posts"}],"about":[{"href":"https:\/\/rdnews.al\/index.php\/wp-json\/wp\/v2\/types\/post"}],"author":[{"embeddable":true,"href":"https:\/\/rdnews.al\/index.php\/wp-json\/wp\/v2\/users\/4"}],"replies":[{"embeddable":true,"href":"https:\/\/rdnews.al\/index.php\/wp-json\/wp\/v2\/comments?post=102994"}],"version-history":[{"count":1,"href":"https:\/\/rdnews.al\/index.php\/wp-json\/wp\/v2\/posts\/102994\/revisions"}],"predecessor-version":[{"id":102995,"href":"https:\/\/rdnews.al\/index.php\/wp-json\/wp\/v2\/posts\/102994\/revisions\/102995"}],"wp:featuredmedia":[{"embeddable":true,"href":"https:\/\/rdnews.al\/index.php\/wp-json\/wp\/v2\/media\/16580"}],"wp:attachment":[{"href":"https:\/\/rdnews.al\/index.php\/wp-json\/wp\/v2\/media?parent=102994"}],"wp:term":[{"taxonomy":"category","embeddable":true,"href":"https:\/\/rdnews.al\/index.php\/wp-json\/wp\/v2\/categories?post=102994"},{"taxonomy":"post_tag","embeddable":true,"href":"https:\/\/rdnews.al\/index.php\/wp-json\/wp\/v2\/tags?post=102994"}],"curies":[{"name":"wp","href":"https:\/\/api.w.org\/{rel}","templated":true}]}}