{"id":103019,"date":"2025-01-30T19:25:26","date_gmt":"2025-01-30T19:25:26","guid":{"rendered":"https:\/\/rdnews.al\/?p=103019"},"modified":"2025-01-30T19:25:26","modified_gmt":"2025-01-30T19:25:26","slug":"berisha-protesta-e-8-shkurtit-ka-synim-voten-e-lire-ahmetaj-i-beri-autopsine-e-vertete-regjimit","status":"publish","type":"post","link":"https:\/\/rdnews.al\/index.php\/2025\/01\/30\/berisha-protesta-e-8-shkurtit-ka-synim-voten-e-lire-ahmetaj-i-beri-autopsine-e-vertete-regjimit\/","title":{"rendered":"Berisha: Protesta e 8 shkurtit ka synim vot\u00ebn e lir\u00eb! Ahmetaj i b\u00ebri autopsin\u00eb e v\u00ebrtet\u00eb regjimit"},"content":{"rendered":"<p>Kryetari i Partis\u00eb Demokratike, Sali Berisha n\u00eb nj\u00eb takim me drejtuesit politik, koordinator\u00ebt dhe kryetar\u00ebt e deg\u00ebve t\u00eb PD-s\u00eb, deklaroi se, protesta e 8 shkurtit ka synim vot\u00ebn e lir\u00eb.<\/p>\n<p>Gjat\u00eb fjal\u00ebs s\u00eb tij, Berisha tha se Arben Ahmetaj i b\u00ebri autopsin\u00eb e v\u00ebrtet\u00eb regjimit t\u00eb Edi Ram\u00ebs.<\/p>\n<p>\u201cE thirr\u00ebm k\u00ebt\u00eb takim me ju m\u00eb s\u00eb pari p\u00ebr protest\u00ebn e dat\u00ebs 8.<\/p>\n<p>Protesta e dat\u00ebs 8 si \u00e7do mosbindje e jona civile ka synim vot\u00ebn e lir\u00eb t\u00eb qytetar\u00ebve shqiptar\u00eb.<\/p>\n<p>Ju, 3 dit\u00eb m\u00eb par\u00eb, d\u00ebgjuat nj\u00eb autopsi t\u00eb v\u00ebrtet\u00eb t\u00eb k\u00ebtij regjimi dhe personalisht t\u00eb Edi Ram\u00ebs nga z\u00ebvend\u00ebsi i tij p\u00ebr 10 vite me radh\u00eb.<\/p>\n<p>N\u00eb komb t\u00eb qytet\u00ebruar, para nj\u00eb gjendje t\u00eb till\u00eb, kryeministri jep dor\u00ebheqjen sepse z\u00ebvend\u00ebsi i tij faktoi q\u00eb ai kryeson nj\u00eb organizat\u00eb kriminale, m\u00eb t\u00eb rrezikshmen q\u00eb ka pasur Shiqp\u00ebria ndonj\u00ebher\u00eb, ose ndonj\u00eb vend tjet\u00ebr.<\/p>\n<p>Edi Rama, dhe p\u00ebr ne kjo \u00ebsht\u00eb deklaruar n\u00eb m\u00ebnyr\u00eb t\u00eb p\u00ebrs\u00ebritur, por kur pohohet nga ish-z\u00ebvend\u00ebsi i tij, nuk ka shqiptar q\u00eb t\u00eb mos besoj\u00eb d\u00ebshmin\u00eb trondit\u00ebse, d\u00ebshmin\u00eb m\u00eb t\u00eb r\u00ebnd\u00eb t\u00eb b\u00ebr\u00eb ndonj\u00ebher\u00eb ndaj nj\u00eb kryeministri apo ndaj nj\u00eb qeverie, si\u00e7 ishte d\u00ebshmia e Arben Ahmetajt n\u00eb televizion dhe publik.<\/p>\n<p>Edi Rama funksionon t\u00ebr\u00ebsisht dhe komplet si kreu i nj\u00eb organizate kriminale, i cili ka vjedhur dhe shp\u00ebrdoruar me organizat\u00ebn e tij miliarda euro shqiptar\u00ebve.<\/p>\n<p>N\u00eb t\u00eb gjitha aferat e m\u00ebdha t\u00eb vendit \u00ebsht\u00eb dora e zez\u00eb e tij.<\/p>\n<p>Ishte shum\u00eb e ve\u00e7ant\u00eb, deklarata e Arben Ahmetajt, q\u00eb \u00ebsht\u00eb nj\u00eb hajdut pas tij numri 2 apo 3, firmosjen e inceneratorit t\u00eb Tiran\u00ebs, ia ka imponuar Edi Rama.<\/p>\n<p>Me k\u00ebt\u00eb kuptohet se pse Skrapi i partis\u00eb ngriti duart lart, megjith\u00ebse gjeti Erion Veliajn dhe t\u00eb shoqen t\u00eb zhytur n\u00eb krim nga koka tek k\u00ebmb\u00ebt.<\/p>\n<p>Arben Ahmetaj n\u00eb d\u00ebshmin\u00eb e tij, se ajo \u00ebsht\u00eb d\u00ebshmi, nuk jan\u00eb deklarata, jan\u00eb d\u00ebshmi, pohoi se AKSHI \u00ebsht\u00eb kopshti privat i Edi Ram\u00ebs.<\/p>\n<p>Ne e kemi denoncuar me dhjet\u00ebra her\u00eb famozin Armand Frangu, por kur e denoncon z\u00ebvend\u00ebskryeministri, nuk ka njeri q\u00eb t\u00eb ket\u00eb m\u00eb dyshimin m\u00eb t\u00eb vog\u00ebl.<\/p>\n<p>Ai deklaroi se urdh\u00ebr arrestet u gris\u00ebn sepse n\u00eb at\u00eb afer\u00eb ishte e implikuar direkt Linda Rama. Ai Gerond Me\u00e7e flet p\u00ebr Lind\u00ebn n\u00eb p\u00ebrgjimin ambiental q\u00eb \u00ebsht\u00eb b\u00ebr\u00eb. Ato u gris\u00ebn dhe vazhdon drejtoresha e AKSHI-t e pacenuar, sikund\u00ebr baxhanaku i Ram\u00ebs dhe kunati i Lind\u00ebs, vazhdojn\u00eb t\u00eb fitojn\u00eb tendera.<\/p>\n<p>Dhe t\u00eb fitojn\u00eb me nj\u00eb shpenzim 70 mij\u00eb euro 4 a 5 milion\u00eb a sa kishin fituar. Natyrisht k\u00ebto jan\u00eb shuma q\u00eb ndahen n\u00eb familje. Ai \u00ebsht\u00eb thjesht nj\u00eb veg\u00ebl e familjes.<\/p>\n<p>Edi Rama \u00ebsht\u00eb po kaq i implikuar dhe m\u00eb shum\u00eb n\u00eb aferat e sterilizimit dhe t\u00eb gjitha partneritetet publik privat n\u00eb sh\u00ebndet\u00ebsi.<\/p>\n<p>Afera m\u00eb e madhe, m\u00eb e tmerrshme e tij, \u00ebsht\u00eb porti i Durr\u00ebsit, ku pasi deklaroi se portin e ri do e nd\u00ebrtoj\u00eb privati, tani rezulton se portin do e nd\u00ebrtojn\u00eb qytetar\u00ebt shqiptar\u00eb me 1.3 miliard\u00eb euro. A mund ta imagjinoni?\u201d, u shpreh Berisha.<\/p>\n","protected":false},"excerpt":{"rendered":"<p>Kryetari i Partis\u00eb Demokratike, Sali Berisha n\u00eb nj\u00eb takim me drejtuesit politik, koordinator\u00ebt dhe kryetar\u00ebt e deg\u00ebve t\u00eb PD-s\u00eb, deklaroi se, protesta e 8 shkurtit ka synim vot\u00ebn e lir\u00eb. Gjat\u00eb fjal\u00ebs s\u00eb tij, Berisha tha se Arben Ahmetaj i b\u00ebri autopsin\u00eb e v\u00ebrtet\u00eb regjimit t\u00eb Edi Ram\u00ebs. \u201cE thirr\u00ebm k\u00ebt\u00eb takim me ju m\u00eb &hellip;<\/p>\n","protected":false},"author":4,"featured_media":103020,"comment_status":"closed","ping_status":"closed","sticky":false,"template":"","format":"standard","meta":{"footnotes":""},"categories":[37],"tags":[],"class_list":["post-103019","post","type-post","status-publish","format-standard","has-post-thumbnail","","category-politike"],"_links":{"self":[{"href":"https:\/\/rdnews.al\/index.php\/wp-json\/wp\/v2\/posts\/103019","targetHints":{"allow":["GET"]}}],"collection":[{"href":"https:\/\/rdnews.al\/index.php\/wp-json\/wp\/v2\/posts"}],"about":[{"href":"https:\/\/rdnews.al\/index.php\/wp-json\/wp\/v2\/types\/post"}],"author":[{"embeddable":true,"href":"https:\/\/rdnews.al\/index.php\/wp-json\/wp\/v2\/users\/4"}],"replies":[{"embeddable":true,"href":"https:\/\/rdnews.al\/index.php\/wp-json\/wp\/v2\/comments?post=103019"}],"version-history":[{"count":1,"href":"https:\/\/rdnews.al\/index.php\/wp-json\/wp\/v2\/posts\/103019\/revisions"}],"predecessor-version":[{"id":103021,"href":"https:\/\/rdnews.al\/index.php\/wp-json\/wp\/v2\/posts\/103019\/revisions\/103021"}],"wp:featuredmedia":[{"embeddable":true,"href":"https:\/\/rdnews.al\/index.php\/wp-json\/wp\/v2\/media\/103020"}],"wp:attachment":[{"href":"https:\/\/rdnews.al\/index.php\/wp-json\/wp\/v2\/media?parent=103019"}],"wp:term":[{"taxonomy":"category","embeddable":true,"href":"https:\/\/rdnews.al\/index.php\/wp-json\/wp\/v2\/categories?post=103019"},{"taxonomy":"post_tag","embeddable":true,"href":"https:\/\/rdnews.al\/index.php\/wp-json\/wp\/v2\/tags?post=103019"}],"curies":[{"name":"wp","href":"https:\/\/api.w.org\/{rel}","templated":true}]}}