{"id":103052,"date":"2025-01-31T09:19:18","date_gmt":"2025-01-31T09:19:18","guid":{"rendered":"https:\/\/rdnews.al\/?p=103052"},"modified":"2025-01-31T09:19:18","modified_gmt":"2025-01-31T09:19:18","slug":"shperthim-eksplozivi-ne-fushe-kruje-hidhet-ne-ere-nje-lokal","status":"publish","type":"post","link":"https:\/\/rdnews.al\/index.php\/2025\/01\/31\/shperthim-eksplozivi-ne-fushe-kruje-hidhet-ne-ere-nje-lokal\/","title":{"rendered":"Shp\u00ebrthim eksplozivi n\u00eb Fush\u00eb Kruj\u00eb, hidhet n\u00eb er\u00eb nj\u00eb lokal"},"content":{"rendered":"<p>Nj\u00eb sasi eksplozivi \u00ebsht\u00eb vendosur n\u00eb nj\u00eb lokal n\u00eb Fush\u00eb Kruj\u00eb, n\u00eb vendin e quajtur ish kooperativa Partizani.<\/p>\n<p>L\u00ebnda e dyshuar eksplozive \u00ebsht\u00eb vendosur rreth or\u00ebs 02 t\u00eb m\u00ebngjesit t\u00eb sot\u00ebm n\u00eb lokalin e Bledar Tali n\u00eb lagjen Tali t\u00eb Fush\u00eb-Kruj\u00ebs.<\/p>\n<p>46 vje\u00e7ari nuk njihet si person problematik n\u00eb zon\u00eb.<\/p>\n<p>Jasht\u00eb kamerave ka deklaruar se, nuk ka as probleme e as konflikte me njeri, si edhe s\u2019ka dyshime p\u00ebr persona konkret.<\/p>\n<p>D\u00ebmet nga shp\u00ebrthimi raportohet se jan\u00eb t\u00eb m\u00ebdha, pasi i gjith\u00eb lokali ka dal\u00eb jasht\u00eb funksionit.<\/p>\n","protected":false},"excerpt":{"rendered":"<p>Nj\u00eb sasi eksplozivi \u00ebsht\u00eb vendosur n\u00eb nj\u00eb lokal n\u00eb Fush\u00eb Kruj\u00eb, n\u00eb vendin e quajtur ish kooperativa Partizani. L\u00ebnda e dyshuar eksplozive \u00ebsht\u00eb vendosur rreth or\u00ebs 02 t\u00eb m\u00ebngjesit t\u00eb sot\u00ebm n\u00eb lokalin e Bledar Tali n\u00eb lagjen Tali t\u00eb Fush\u00eb-Kruj\u00ebs. 46 vje\u00e7ari nuk njihet si person problematik n\u00eb zon\u00eb. Jasht\u00eb kamerave ka deklaruar se, &hellip;<\/p>\n","protected":false},"author":4,"featured_media":103053,"comment_status":"closed","ping_status":"closed","sticky":false,"template":"","format":"standard","meta":{"footnotes":""},"categories":[37],"tags":[],"class_list":["post-103052","post","type-post","status-publish","format-standard","has-post-thumbnail","","category-politike"],"_links":{"self":[{"href":"https:\/\/rdnews.al\/index.php\/wp-json\/wp\/v2\/posts\/103052","targetHints":{"allow":["GET"]}}],"collection":[{"href":"https:\/\/rdnews.al\/index.php\/wp-json\/wp\/v2\/posts"}],"about":[{"href":"https:\/\/rdnews.al\/index.php\/wp-json\/wp\/v2\/types\/post"}],"author":[{"embeddable":true,"href":"https:\/\/rdnews.al\/index.php\/wp-json\/wp\/v2\/users\/4"}],"replies":[{"embeddable":true,"href":"https:\/\/rdnews.al\/index.php\/wp-json\/wp\/v2\/comments?post=103052"}],"version-history":[{"count":1,"href":"https:\/\/rdnews.al\/index.php\/wp-json\/wp\/v2\/posts\/103052\/revisions"}],"predecessor-version":[{"id":103054,"href":"https:\/\/rdnews.al\/index.php\/wp-json\/wp\/v2\/posts\/103052\/revisions\/103054"}],"wp:featuredmedia":[{"embeddable":true,"href":"https:\/\/rdnews.al\/index.php\/wp-json\/wp\/v2\/media\/103053"}],"wp:attachment":[{"href":"https:\/\/rdnews.al\/index.php\/wp-json\/wp\/v2\/media?parent=103052"}],"wp:term":[{"taxonomy":"category","embeddable":true,"href":"https:\/\/rdnews.al\/index.php\/wp-json\/wp\/v2\/categories?post=103052"},{"taxonomy":"post_tag","embeddable":true,"href":"https:\/\/rdnews.al\/index.php\/wp-json\/wp\/v2\/tags?post=103052"}],"curies":[{"name":"wp","href":"https:\/\/api.w.org\/{rel}","templated":true}]}}