{"id":103077,"date":"2025-01-31T10:33:24","date_gmt":"2025-01-31T10:33:24","guid":{"rendered":"https:\/\/rdnews.al\/?p=103077"},"modified":"2025-01-31T20:19:51","modified_gmt":"2025-01-31T20:19:51","slug":"aktorja-ne-8-shkurt-serish-ne-mosbindje-civile-per-ti-treguar-pushtetit-se-ne-jemi-gjalle","status":"publish","type":"post","link":"https:\/\/rdnews.al\/index.php\/2025\/01\/31\/aktorja-ne-8-shkurt-serish-ne-mosbindje-civile-per-ti-treguar-pushtetit-se-ne-jemi-gjalle\/","title":{"rendered":"Aktorja: N\u00eb 8 shkurt s\u00ebrish n\u00eb mosbindje civile p\u00ebr t\u2019i treguar pushtetit se ne jemi gjall\u00eb!"},"content":{"rendered":"<p>Para Bashkis\u00eb s\u00eb Tiran\u00ebs po zhvillohet protesta e 44 ku k\u00ebrkohet dor\u00ebheqja e kryebashkiakut Erion Veliaj.<\/p>\n<p>Gjat\u00eb protest\u00ebs, aktorja Adriana Tolka ka mbajtur nj\u00eb fjalim ku ka theksuar r\u00ebnd\u00ebsin\u00eb e k\u00ebtij momenti p\u00ebr t\u00eb ardhmen e vendit.\u00a0\u00a0Sipas Tolk\u00ebs, Kryebashkiaku Erion Veliaj vazhdon t\u00eb shijoj\u00eb privilegje nd\u00ebrsa qytetar\u00ebt p\u00ebrballen me varf\u00ebri dhe dhun\u00eb. Ajo gjithashtu b\u00ebri thirrje p\u00ebr unitet mes qytetar\u00ebve, duke u adresuar atyre q\u00eb ende nuk jan\u00eb bashkuar me protest\u00ebn.<\/p>\n<p>Ajo i k\u00ebrkoi t\u00eb kuptojn\u00eb se kjo luft\u00eb \u00ebsht\u00eb p\u00ebr rikthimin e demokracis\u00eb q\u00eb \u00ebsht\u00eb p\u00ebrdhosur dhe vrar\u00eb nga pushteti aktual. Tolka theksoi se protesta \u00ebsht\u00eb nj\u00eb mund\u00ebsi p\u00ebr t\u00eb kthyer dinjitetin p\u00ebr \u00e7do individ dhe p\u00ebr gjith\u00eb popullin shqiptar.<\/p>\n<p>\u201cNd\u00ebrsa pushteti mafioz refuzon t\u00eb shkuli nga gjiri i vet kryemajmunin e bashkis\u00eb, i cili nd\u00ebrkoh\u00eb lirisht vazhdon t\u00eb k\u00ebrcej\u00eb nga deg\u00eb n\u00eb deg\u00eb n\u00eb \u00e7do pyll orbital n\u00eb mbar\u00eb bot\u00ebn q\u00eb gjen, k\u00ebtu nga ana tjet\u00ebr pushteti k\u00ebrkon t\u00eb konfrontoj\u00eb qytetar\u00ebt me nj\u00ebri-tjetrin, por qytetar\u00ebt duhet ta kuptojn\u00eb, dhe kjo \u00ebsht\u00eb p\u00ebr qytetar\u00ebt q\u00eb nuk bashkohen me ne p\u00ebr nj\u00eb arsye apo p\u00ebr nj\u00eb tjet\u00ebr, q\u00eb nuk kan\u00eb mund\u00ebsi le t\u00eb themi t\u00eb bashkohen me ne. Duhet t\u00eb kuptojn\u00eb q\u00eb ne jemi k\u00ebtu p\u00ebr t\u00eb ringritur demokracin\u00eb q\u00eb k\u00ebta na e kan\u00eb p\u00ebrdhosur, na e kan\u00eb vrar\u00eb, si rrall\u00eb kush, as armik\u00ebt tan\u00eb, asnj\u00eb qeveri nuk ia ka b\u00ebr\u00eb k\u00ebt\u00eb popullit t\u00eb vet, k\u00ebta e b\u00ebjn\u00eb p\u00ebr 12 vjet.<\/p>\n<p>Jemi k\u00ebtu p\u00ebr t\u2019i rikthyer dinjitetin vetes son\u00eb, \u00e7do individi, familjeve tona, \u00e7do qyteti, gjith kombit shqiptar.<\/p>\n<p>Ne t\u00eb gjith\u00eb k\u00ebtu kemi vendosur t\u00eb zgjedhim gj\u00ebn\u00eb m\u00eb t\u00eb v\u00ebshtir\u00eb n\u00eb k\u00ebt\u00eb koh\u00eb t\u00eb besojm\u00eb sot, sepse ata e kan\u00eb vrar\u00eb besimin tek shum\u00eb nga ju, por jemi ne k\u00ebtu q\u00eb t\u00eb mbajm\u00eb t\u00eb ngjallur k\u00ebt\u00eb besim.<\/p>\n<p>N\u00ebse nuk e b\u00ebni p\u00ebr veten tuaj, b\u00ebjeni p\u00ebr familjar\u00ebt tuaj, prandaj n\u00eb dat\u00ebn 8 shkurt s\u00ebrish n\u00eb mosbindje civile p\u00ebr t\u2019i treguar pushtetit q\u00eb edhe pse tenton t\u00eb na vrasi, ne jemi gjall\u00eb\u201d, tha aktorja e njohur.<\/p>\n","protected":false},"excerpt":{"rendered":"<p>Para Bashkis\u00eb s\u00eb Tiran\u00ebs po zhvillohet protesta e 44 ku k\u00ebrkohet dor\u00ebheqja e kryebashkiakut Erion Veliaj. Gjat\u00eb protest\u00ebs, aktorja Adriana Tolka ka mbajtur nj\u00eb fjalim ku ka theksuar r\u00ebnd\u00ebsin\u00eb e k\u00ebtij momenti p\u00ebr t\u00eb ardhmen e vendit.\u00a0\u00a0Sipas Tolk\u00ebs, Kryebashkiaku Erion Veliaj vazhdon t\u00eb shijoj\u00eb privilegje nd\u00ebrsa qytetar\u00ebt p\u00ebrballen me varf\u00ebri dhe dhun\u00eb. Ajo gjithashtu b\u00ebri &hellip;<\/p>\n","protected":false},"author":4,"featured_media":103141,"comment_status":"closed","ping_status":"closed","sticky":false,"template":"","format":"standard","meta":{"footnotes":""},"categories":[37],"tags":[],"class_list":["post-103077","post","type-post","status-publish","format-standard","has-post-thumbnail","","category-politike"],"_links":{"self":[{"href":"https:\/\/rdnews.al\/index.php\/wp-json\/wp\/v2\/posts\/103077","targetHints":{"allow":["GET"]}}],"collection":[{"href":"https:\/\/rdnews.al\/index.php\/wp-json\/wp\/v2\/posts"}],"about":[{"href":"https:\/\/rdnews.al\/index.php\/wp-json\/wp\/v2\/types\/post"}],"author":[{"embeddable":true,"href":"https:\/\/rdnews.al\/index.php\/wp-json\/wp\/v2\/users\/4"}],"replies":[{"embeddable":true,"href":"https:\/\/rdnews.al\/index.php\/wp-json\/wp\/v2\/comments?post=103077"}],"version-history":[{"count":1,"href":"https:\/\/rdnews.al\/index.php\/wp-json\/wp\/v2\/posts\/103077\/revisions"}],"predecessor-version":[{"id":103079,"href":"https:\/\/rdnews.al\/index.php\/wp-json\/wp\/v2\/posts\/103077\/revisions\/103079"}],"wp:featuredmedia":[{"embeddable":true,"href":"https:\/\/rdnews.al\/index.php\/wp-json\/wp\/v2\/media\/103141"}],"wp:attachment":[{"href":"https:\/\/rdnews.al\/index.php\/wp-json\/wp\/v2\/media?parent=103077"}],"wp:term":[{"taxonomy":"category","embeddable":true,"href":"https:\/\/rdnews.al\/index.php\/wp-json\/wp\/v2\/categories?post=103077"},{"taxonomy":"post_tag","embeddable":true,"href":"https:\/\/rdnews.al\/index.php\/wp-json\/wp\/v2\/tags?post=103077"}],"curies":[{"name":"wp","href":"https:\/\/api.w.org\/{rel}","templated":true}]}}