{"id":103080,"date":"2025-01-31T10:37:24","date_gmt":"2025-01-31T10:37:24","guid":{"rendered":"https:\/\/rdnews.al\/?p=103080"},"modified":"2025-01-31T10:37:24","modified_gmt":"2025-01-31T10:37:24","slug":"malkaj-te-shkojme-te-kryeministria-ta-hedhim-nga-pallati","status":"publish","type":"post","link":"https:\/\/rdnews.al\/index.php\/2025\/01\/31\/malkaj-te-shkojme-te-kryeministria-ta-hedhim-nga-pallati\/","title":{"rendered":"Malkaj: T\u00eb shkojm\u00eb te kryeministria ta \u201chedhim nga pallati\u201d&#8230;"},"content":{"rendered":"<p>Qytetar\u00ebt jan\u00eb mbledhur s\u00ebrish sot n\u00eb nj\u00eb protest\u00eb para Bashkis\u00eb s\u00eb Tiran\u00ebs, ku k\u00ebrkojn\u00eb dor\u00ebheqjen dhe arrestimin e kreut t\u00eb saj, Erion Veliaj, p\u00ebr shkak t\u00eb aferave korruptive n\u00eb institucionin q\u00eb ai drejton.<\/p>\n<p>Aktori i mir\u00ebnjohur, Mehdi Malkaj, n\u00eb fjal\u00ebn e tij tha se, k\u00ebtu te ne \u00ebsht\u00eb \u00e7udi e madhe, pasi edhe krimi \u00ebsht\u00eb \u201cintelektual\u201d.<\/p>\n<p>\u201cJemi von\u00eb p\u00ebr 8 shkurt p\u00ebr protest\u00ebn, \u00ebsht\u00eb m\u00eb mir\u00eb ta b\u00ebjm\u00eb m\u00eb shpejt, se po marr p\u00ebr shembull \u2018komshinjt\u00eb\u2019 tan\u00eb q\u00eb p\u00ebr 20 dit\u00eb e hoq\u00ebn kryeministrin.<\/p>\n<p>U kam th\u00ebn\u00eb k\u00ebtyre q\u00eb jan\u00eb k\u00ebtu, shofer\u00ebve, fikni makinat dhe ejani k\u00ebtu, por jo, nuk vijn\u00eb se jan\u00eb \u2018intelektual\u00eb\u2019. K\u00ebtu te ne \u00ebsht\u00eb \u00e7udi e madhe, pasi edhe krimi \u00ebsht\u00eb \u2018intelektual\u2019.<\/p>\n<p>Krimi \u00ebsht\u00eb me doreza, \u00ebsht\u00eb \u2018i dashur\u2019 dhe k\u00ebtu te ne po b\u00ebhen krime t\u00eb m\u00ebdha.<\/p>\n<p>O njer\u00ebz, i th\u00ebrrisni mendjes, nuk ikin k\u00ebta qelb\u00ebsira duke th\u00ebn\u00eb vet\u00ebm \u2018Rama ik\u2019. T\u00eb shkojm\u00eb te kryeministria, ta \u2018hedhim nga pallati, ndryshe nuk b\u00ebhet ky muhabet\u201d, tha aktori Malkaj.<\/p>\n","protected":false},"excerpt":{"rendered":"<p>Qytetar\u00ebt jan\u00eb mbledhur s\u00ebrish sot n\u00eb nj\u00eb protest\u00eb para Bashkis\u00eb s\u00eb Tiran\u00ebs, ku k\u00ebrkojn\u00eb dor\u00ebheqjen dhe arrestimin e kreut t\u00eb saj, Erion Veliaj, p\u00ebr shkak t\u00eb aferave korruptive n\u00eb institucionin q\u00eb ai drejton. Aktori i mir\u00ebnjohur, Mehdi Malkaj, n\u00eb fjal\u00ebn e tij tha se, k\u00ebtu te ne \u00ebsht\u00eb \u00e7udi e madhe, pasi edhe krimi \u00ebsht\u00eb &hellip;<\/p>\n","protected":false},"author":4,"featured_media":102331,"comment_status":"closed","ping_status":"closed","sticky":false,"template":"","format":"standard","meta":{"footnotes":""},"categories":[37],"tags":[],"class_list":["post-103080","post","type-post","status-publish","format-standard","has-post-thumbnail","","category-politike"],"_links":{"self":[{"href":"https:\/\/rdnews.al\/index.php\/wp-json\/wp\/v2\/posts\/103080","targetHints":{"allow":["GET"]}}],"collection":[{"href":"https:\/\/rdnews.al\/index.php\/wp-json\/wp\/v2\/posts"}],"about":[{"href":"https:\/\/rdnews.al\/index.php\/wp-json\/wp\/v2\/types\/post"}],"author":[{"embeddable":true,"href":"https:\/\/rdnews.al\/index.php\/wp-json\/wp\/v2\/users\/4"}],"replies":[{"embeddable":true,"href":"https:\/\/rdnews.al\/index.php\/wp-json\/wp\/v2\/comments?post=103080"}],"version-history":[{"count":1,"href":"https:\/\/rdnews.al\/index.php\/wp-json\/wp\/v2\/posts\/103080\/revisions"}],"predecessor-version":[{"id":103081,"href":"https:\/\/rdnews.al\/index.php\/wp-json\/wp\/v2\/posts\/103080\/revisions\/103081"}],"wp:featuredmedia":[{"embeddable":true,"href":"https:\/\/rdnews.al\/index.php\/wp-json\/wp\/v2\/media\/102331"}],"wp:attachment":[{"href":"https:\/\/rdnews.al\/index.php\/wp-json\/wp\/v2\/media?parent=103080"}],"wp:term":[{"taxonomy":"category","embeddable":true,"href":"https:\/\/rdnews.al\/index.php\/wp-json\/wp\/v2\/categories?post=103080"},{"taxonomy":"post_tag","embeddable":true,"href":"https:\/\/rdnews.al\/index.php\/wp-json\/wp\/v2\/tags?post=103080"}],"curies":[{"name":"wp","href":"https:\/\/api.w.org\/{rel}","templated":true}]}}