{"id":103082,"date":"2025-01-31T10:40:43","date_gmt":"2025-01-31T10:40:43","guid":{"rendered":"https:\/\/rdnews.al\/?p=103082"},"modified":"2025-01-31T10:40:43","modified_gmt":"2025-01-31T10:40:43","slug":"shfuqizojeni-non-graten-z-rubio","status":"publish","type":"post","link":"https:\/\/rdnews.al\/index.php\/2025\/01\/31\/shfuqizojeni-non-graten-z-rubio\/","title":{"rendered":"Shfuqizojeni \u201cnon-grat\u00ebn, z.Rubio!"},"content":{"rendered":"<p><strong>Nga Milaim NELA<\/strong><\/p>\n<p>Administrata e re Amerikane dhe DASH (Departamenti i Shtetit) ka detyrim jo vet\u00ebm ndaj takspagues\u00ebve t\u00eb vet, por edhe ndaj kombit shqiptar, si kombi m\u00eb pro-Amerikan n\u00eb bot\u00eb;<\/p>\n<p>&#8211; ose t\u00eb heq\u00eb dezinjimin &#8216;non-grata&#8217; ndaj Sali Berish\u00ebs<\/p>\n<p>&#8211; ose t\u00eb b\u00ebj\u00eb publike provat q\u00eb ka n\u00eb dosjen e tij.<\/p>\n<p>\u00c7do dit\u00eb q\u00eb ky kufizim q\u00ebndron n\u00eb fuqi \u00ebsht\u00eb barr\u00eb e panevojshme si p\u00ebr vet\u00eb Shtetet e Bashkuara ashtu edhe p\u00ebr marr\u00ebdh\u00ebniet midis dy vendeve tona.<\/p>\n<p>Ka ardhur koha q\u00eb jo vet\u00ebm t\u00eb dal\u00eb n\u00eb drit\u00eb e v\u00ebrteta e mbajtur fshehur prej kaq koh\u00ebsh por mbi t\u00eb gjitha t\u00eb b\u00ebhet publike si u arrit deri n\u00eb k\u00ebt\u00eb pik\u00eb.<\/p>\n<p>Nj\u00eb hetim i plot\u00eb do t\u00eb siguronte jo vet\u00ebm shqiptar\u00ebt por edhe taksapaguesit Amerikan\u00eb q\u00eb turpe t\u00eb tilla t\u00eb mos p\u00ebrs\u00ebriteshin m\u00eb.<\/p>\n<p>Gjat\u00eb 10 viteve t\u00eb fundit por sidomos n\u00eb 5 vitet e fundit reputacioni i Shteteve t\u00eb Bashkuara n\u00eb Shqip\u00ebri por un\u00eb besoj fort se edhe interesat Amerikane n\u00eb k\u00ebt\u00eb vend jan\u00eb d\u00ebmtuar si kurr\u00eb m\u00eb par\u00eb.<\/p>\n<p>B\u00ebsoj se edhe n\u00eb koh\u00ebn e komunizmit fal\u00eb vendimeve tep\u00ebr t\u00eb dyshimta e pse jo t\u00eb pap\u00ebrgjegjshme t\u00eb administrat\u00ebs s\u00eb kaluar Amerikane Amerika nuk \u00ebsht\u00eb urryer n\u00eb k\u00ebto nivele nga shqiptar\u00ebt.<\/p>\n<p>Duhet nj\u00eb epok\u00eb e re marr\u00ebdh\u00ebniesh dhe aleance mes dy vendeve tona.<\/p>\n<p>T\u00eb mos humbim koh\u00eb.<\/p>\n","protected":false},"excerpt":{"rendered":"<p>Nga Milaim NELA Administrata e re Amerikane dhe DASH (Departamenti i Shtetit) ka detyrim jo vet\u00ebm ndaj takspagues\u00ebve t\u00eb vet, por edhe ndaj kombit shqiptar, si kombi m\u00eb pro-Amerikan n\u00eb bot\u00eb; &#8211; ose t\u00eb heq\u00eb dezinjimin &#8216;non-grata&#8217; ndaj Sali Berish\u00ebs &#8211; ose t\u00eb b\u00ebj\u00eb publike provat q\u00eb ka n\u00eb dosjen e tij. \u00c7do dit\u00eb q\u00eb &hellip;<\/p>\n","protected":false},"author":4,"featured_media":46260,"comment_status":"closed","ping_status":"closed","sticky":false,"template":"","format":"standard","meta":{"footnotes":""},"categories":[44],"tags":[],"class_list":["post-103082","post","type-post","status-publish","format-standard","has-post-thumbnail","","category-editorial"],"_links":{"self":[{"href":"https:\/\/rdnews.al\/index.php\/wp-json\/wp\/v2\/posts\/103082","targetHints":{"allow":["GET"]}}],"collection":[{"href":"https:\/\/rdnews.al\/index.php\/wp-json\/wp\/v2\/posts"}],"about":[{"href":"https:\/\/rdnews.al\/index.php\/wp-json\/wp\/v2\/types\/post"}],"author":[{"embeddable":true,"href":"https:\/\/rdnews.al\/index.php\/wp-json\/wp\/v2\/users\/4"}],"replies":[{"embeddable":true,"href":"https:\/\/rdnews.al\/index.php\/wp-json\/wp\/v2\/comments?post=103082"}],"version-history":[{"count":1,"href":"https:\/\/rdnews.al\/index.php\/wp-json\/wp\/v2\/posts\/103082\/revisions"}],"predecessor-version":[{"id":103083,"href":"https:\/\/rdnews.al\/index.php\/wp-json\/wp\/v2\/posts\/103082\/revisions\/103083"}],"wp:featuredmedia":[{"embeddable":true,"href":"https:\/\/rdnews.al\/index.php\/wp-json\/wp\/v2\/media\/46260"}],"wp:attachment":[{"href":"https:\/\/rdnews.al\/index.php\/wp-json\/wp\/v2\/media?parent=103082"}],"wp:term":[{"taxonomy":"category","embeddable":true,"href":"https:\/\/rdnews.al\/index.php\/wp-json\/wp\/v2\/categories?post=103082"},{"taxonomy":"post_tag","embeddable":true,"href":"https:\/\/rdnews.al\/index.php\/wp-json\/wp\/v2\/tags?post=103082"}],"curies":[{"name":"wp","href":"https:\/\/api.w.org\/{rel}","templated":true}]}}