{"id":103084,"date":"2025-01-31T10:46:41","date_gmt":"2025-01-31T10:46:41","guid":{"rendered":"https:\/\/rdnews.al\/?p=103084"},"modified":"2025-01-31T10:47:54","modified_gmt":"2025-01-31T10:47:54","slug":"alba-kepi-tirana-eshte-bere-kryeqendra-e-hajduteve-qe-kane-marre-peng-kete-qytet","status":"publish","type":"post","link":"https:\/\/rdnews.al\/index.php\/2025\/01\/31\/alba-kepi-tirana-eshte-bere-kryeqendra-e-hajduteve-qe-kane-marre-peng-kete-qytet\/","title":{"rendered":"Alba Kepi: Tirana \u00ebsht\u00eb b\u00ebr\u00eb kryeqendra e horrave q\u00eb kan\u00eb marr\u00eb peng k\u00ebt\u00eb qytet!"},"content":{"rendered":"<p>Gazetarja Alba Kepi tha gjat\u00eb fjal\u00ebs s\u00eb saj n\u00eb protest\u00ebn q\u00eb po zhvillohet para bashkis\u00eb se, Tirana \u00ebsht\u00eb b\u00ebr\u00eb kryeqendra e hajdut\u00ebve, \u00ebsht\u00eb b\u00ebr\u00eb kryeqendra e horrave q\u00eb kan\u00eb marr\u00eb peng k\u00ebt\u00eb qytet.<\/p>\n<p>\u201cUn\u00eb dua ta nis sot me nj\u00eb dat\u00eb t\u00eb r\u00ebnd\u00ebsishme, pasi me 31 janar 1925 asambleja kushtuese e parlamentit shqiptar shpalli Tiran\u00ebn kryeqytet t\u00eb Shqip\u00ebris\u00eb. N\u00eb \u00e7do vend t\u00eb bot\u00ebs kjo dat\u00eb do t\u00eb festohej. Por Tirana sot \u00ebsht\u00eb b\u00ebr\u00eb kryeqendra e hajdut\u00ebve, \u00ebsht\u00eb b\u00ebr\u00eb landfilli i magaskandaleve, landfilli i 5D, landfilli i 5B. \u00cbsht\u00eb b\u00ebr\u00eb kryeqendra e te gjith\u00eb horrave q\u00eb kan\u00eb marr\u00eb peng k\u00ebt\u00eb qytet e kan\u00eb dhunuar dhe struken aty brenda duke i v\u00ebn\u00eb ky\u00e7in qytetar\u00ebve dhe duke ju vjedhur \u00e7do dit\u00eb.<\/p>\n<p>Bashk\u00eb duhet t\u00eb bashkohemi q\u00eb t\u00eb rrezojm\u00eb k\u00ebt\u00eb sistem, bashkin\u00eb dhe kryeministrin\u00eb dhe t\u00eb mblidhemi p\u00ebr ti dh\u00ebne fund k\u00ebtij regjimi antidemokratik.<\/p>\n<p>Nj\u00eb fjal\u00eb e kam p\u00ebr ju q\u00eb keni mosh\u00ebn e prind\u00ebrve tan\u00eb. Ju nuk keni nevoj\u00eb p\u00ebr l\u00ebmosh\u00eb. Duhet t\u00eb shikoni k\u00ebt\u00eb si l\u00ebmosh\u00eb p\u00ebr vot\u00ebn. Ju keni nevoj\u00eb p\u00ebr dinjitet p\u00ebr respekt, mos e pranoni. K\u00ebta jan\u00eb horra, mashtrojn\u00eb \u00e7do dit\u00eb. Ti japim fund k\u00ebtij mashtrimi e k\u00ebsaj vjedhjeje e k\u00ebtij megaskandali\u201d, tha gazetarja Kepi.<\/p>\n","protected":false},"excerpt":{"rendered":"<p>Gazetarja Alba Kepi tha gjat\u00eb fjal\u00ebs s\u00eb saj n\u00eb protest\u00ebn q\u00eb po zhvillohet para bashkis\u00eb se, Tirana \u00ebsht\u00eb b\u00ebr\u00eb kryeqendra e hajdut\u00ebve, \u00ebsht\u00eb b\u00ebr\u00eb kryeqendra e horrave q\u00eb kan\u00eb marr\u00eb peng k\u00ebt\u00eb qytet. \u201cUn\u00eb dua ta nis sot me nj\u00eb dat\u00eb t\u00eb r\u00ebnd\u00ebsishme, pasi me 31 janar 1925 asambleja kushtuese e parlamentit shqiptar shpalli Tiran\u00ebn &hellip;<\/p>\n","protected":false},"author":4,"featured_media":98651,"comment_status":"closed","ping_status":"closed","sticky":false,"template":"","format":"standard","meta":{"footnotes":""},"categories":[37],"tags":[],"class_list":["post-103084","post","type-post","status-publish","format-standard","has-post-thumbnail","","category-politike"],"_links":{"self":[{"href":"https:\/\/rdnews.al\/index.php\/wp-json\/wp\/v2\/posts\/103084","targetHints":{"allow":["GET"]}}],"collection":[{"href":"https:\/\/rdnews.al\/index.php\/wp-json\/wp\/v2\/posts"}],"about":[{"href":"https:\/\/rdnews.al\/index.php\/wp-json\/wp\/v2\/types\/post"}],"author":[{"embeddable":true,"href":"https:\/\/rdnews.al\/index.php\/wp-json\/wp\/v2\/users\/4"}],"replies":[{"embeddable":true,"href":"https:\/\/rdnews.al\/index.php\/wp-json\/wp\/v2\/comments?post=103084"}],"version-history":[{"count":2,"href":"https:\/\/rdnews.al\/index.php\/wp-json\/wp\/v2\/posts\/103084\/revisions"}],"predecessor-version":[{"id":103086,"href":"https:\/\/rdnews.al\/index.php\/wp-json\/wp\/v2\/posts\/103084\/revisions\/103086"}],"wp:featuredmedia":[{"embeddable":true,"href":"https:\/\/rdnews.al\/index.php\/wp-json\/wp\/v2\/media\/98651"}],"wp:attachment":[{"href":"https:\/\/rdnews.al\/index.php\/wp-json\/wp\/v2\/media?parent=103084"}],"wp:term":[{"taxonomy":"category","embeddable":true,"href":"https:\/\/rdnews.al\/index.php\/wp-json\/wp\/v2\/categories?post=103084"},{"taxonomy":"post_tag","embeddable":true,"href":"https:\/\/rdnews.al\/index.php\/wp-json\/wp\/v2\/tags?post=103084"}],"curies":[{"name":"wp","href":"https:\/\/api.w.org\/{rel}","templated":true}]}}