{"id":103087,"date":"2025-01-31T10:52:31","date_gmt":"2025-01-31T10:52:31","guid":{"rendered":"https:\/\/rdnews.al\/?p=103087"},"modified":"2025-01-31T10:52:31","modified_gmt":"2025-01-31T10:52:31","slug":"blushi-sekti-kriminal-sorosian-rama-veliaj-e-kthyen-vendin-ne-placke-personale","status":"publish","type":"post","link":"https:\/\/rdnews.al\/index.php\/2025\/01\/31\/blushi-sekti-kriminal-sorosian-rama-veliaj-e-kthyen-vendin-ne-placke-personale\/","title":{"rendered":"Blushi: Sekti kriminal sorosian Rama-Veliaj e kthyen vendin n\u00eb pla\u00e7k\u00eb personale!"},"content":{"rendered":"<p>Sekretari I P\u00ebrgjithsh\u00ebm i PL, Tedi Blushi gjat\u00eb fjal\u00ebs s\u00eb tij n\u00eb protest\u00ebn para Bashkis\u00eb s\u00eb Tiran\u00ebs, Blushi tha se, Veliaj e Rama, jan\u00eb pronar\u00ebt faktik\u00eb t\u00eb nj\u00eb incinerator \u2018fantazm\u00eb\u2019, q\u00eb merr \u00e7do dit\u00eb nga buxheti 90 mij\u00eb euro n\u00eb dit\u00eb.<\/p>\n<p>Sipas Blushit, \u00ebsht\u00eb koha q\u00eb shqiptar\u00ebt t\u2019i thon\u00eb \u2018Jo\u2019zhvatjes s\u00eb taksave t\u00eb tyre nga kjo band\u00eb kriminale, anti-familjare dhe anti-komb\u00ebtare, q\u00eb nuk ka q\u00ebllim tjet\u00ebr ve\u00e7se t\u00eb shpopulloje vendin.<\/p>\n<p>\u201cAhmetaj faktoi at\u00eb q\u00eb kishim th\u00ebn\u00eb ne m\u00eb her\u00ebt. Firma q\u00eb hapir rug\u00ebn e incineratorit fantazm\u00eb \u00ebsht\u00eb firma e Veliajt dhe Ram\u00ebs. Jan\u00eb pronar\u00ebt faktik\u00eb, q\u00eb merr 90 mij\u00eb euro n\u00eb dit\u00ebm. SPAK hesht, nuk e vler\u00ebson d\u00ebshmin\u00eb e Ahmetajt dhe opozit\u00ebs, nd\u00ebrsa ne jemi k\u00ebtu p\u00ebr t\u2019u treguar edhe socialist\u00ebve se jeni nj\u00ebsoj si ne t\u00eb vjedhur nga Veliaj.<\/p>\n<p>T\u00eb gjith\u00eb ata q\u00eb s\u2019kan\u00eb ndihm\u00eb ekopnomike nga kjo bashki, \u00e7far\u00eb tregon, q\u00eb interesi i vet\u00ebm i k\u00ebsaj organziate mafioze \u00ebsht\u00eb grabitja e taksave dhe shpopullimi. N\u00eb emer t\u00eb PL, ne do marrim pjese n\u00eb protest\u00eb, tubim p\u00ebr shqiptar\u00ebt q\u00eb duan t\u00eb jetojn\u00eb t\u00eb lir\u00eb, e q\u00eb s\u2019duan t\u00eb vidhen e q\u00eb kan\u00eb uri ul\u00ebrit\u00ebse p\u00ebr drejt\u00ebsi, q\u00eb \u00ebsht\u00eb kthyer n\u00eb hanxhar n\u00eb duart e Ram\u00ebs. Sa koh\u00eb kemi para krokodilin e korrupsionit, SPAK na tregon harabelin.<\/p>\n<p>Veliaj e Rama jan\u00eb kriminel\u00ebt m\u00eb t\u00eb rreziksh\u00ebm, q\u00eb vjedhin taksat e b\u00ebjn\u00eb gjith\u00e7ka q\u00eb vendi t\u00eb shpopullohet. P\u00ebrb\u00ebjn\u00eb agjend\u00ebn m\u00eb antifamilje dhe antikomb, e nuk punojn\u00eb p\u00ebr interesin ton\u00eb. T\u2019i japim p\u00ebrgjgijen m\u00eb t\u00eb hidhur k\u00ebtij sekti kriminal. Sekti Sooros q\u00eb ka b\u00ebr\u00eb gjith\u00e7ka q\u00eb ky vend t\u00eb shnd\u00ebrrohet n\u00eb vend kanabisi dhe nj\u00eb pla\u00e7k\u00eb q\u00eb ta shqyejn\u00eb k\u00ebta maska\u00ebrenj, si Rama e Veliaj\u201d, tha Blushi.<\/p>\n","protected":false},"excerpt":{"rendered":"<p>Sekretari I P\u00ebrgjithsh\u00ebm i PL, Tedi Blushi gjat\u00eb fjal\u00ebs s\u00eb tij n\u00eb protest\u00ebn para Bashkis\u00eb s\u00eb Tiran\u00ebs, Blushi tha se, Veliaj e Rama, jan\u00eb pronar\u00ebt faktik\u00eb t\u00eb nj\u00eb incinerator \u2018fantazm\u00eb\u2019, q\u00eb merr \u00e7do dit\u00eb nga buxheti 90 mij\u00eb euro n\u00eb dit\u00eb. Sipas Blushit, \u00ebsht\u00eb koha q\u00eb shqiptar\u00ebt t\u2019i thon\u00eb \u2018Jo\u2019zhvatjes s\u00eb taksave t\u00eb tyre nga &hellip;<\/p>\n","protected":false},"author":4,"featured_media":79932,"comment_status":"closed","ping_status":"closed","sticky":false,"template":"","format":"standard","meta":{"footnotes":""},"categories":[37],"tags":[],"class_list":["post-103087","post","type-post","status-publish","format-standard","has-post-thumbnail","","category-politike"],"_links":{"self":[{"href":"https:\/\/rdnews.al\/index.php\/wp-json\/wp\/v2\/posts\/103087","targetHints":{"allow":["GET"]}}],"collection":[{"href":"https:\/\/rdnews.al\/index.php\/wp-json\/wp\/v2\/posts"}],"about":[{"href":"https:\/\/rdnews.al\/index.php\/wp-json\/wp\/v2\/types\/post"}],"author":[{"embeddable":true,"href":"https:\/\/rdnews.al\/index.php\/wp-json\/wp\/v2\/users\/4"}],"replies":[{"embeddable":true,"href":"https:\/\/rdnews.al\/index.php\/wp-json\/wp\/v2\/comments?post=103087"}],"version-history":[{"count":1,"href":"https:\/\/rdnews.al\/index.php\/wp-json\/wp\/v2\/posts\/103087\/revisions"}],"predecessor-version":[{"id":103088,"href":"https:\/\/rdnews.al\/index.php\/wp-json\/wp\/v2\/posts\/103087\/revisions\/103088"}],"wp:featuredmedia":[{"embeddable":true,"href":"https:\/\/rdnews.al\/index.php\/wp-json\/wp\/v2\/media\/79932"}],"wp:attachment":[{"href":"https:\/\/rdnews.al\/index.php\/wp-json\/wp\/v2\/media?parent=103087"}],"wp:term":[{"taxonomy":"category","embeddable":true,"href":"https:\/\/rdnews.al\/index.php\/wp-json\/wp\/v2\/categories?post=103087"},{"taxonomy":"post_tag","embeddable":true,"href":"https:\/\/rdnews.al\/index.php\/wp-json\/wp\/v2\/tags?post=103087"}],"curies":[{"name":"wp","href":"https:\/\/api.w.org\/{rel}","templated":true}]}}