{"id":103089,"date":"2025-01-31T10:57:18","date_gmt":"2025-01-31T10:57:18","guid":{"rendered":"https:\/\/rdnews.al\/?p=103089"},"modified":"2025-01-31T10:57:18","modified_gmt":"2025-01-31T10:57:18","slug":"bylykbashi-denoncuam-ne-prokurorine-e-pergjithshme-perdorimin-e-shtetit-elektoral","status":"publish","type":"post","link":"https:\/\/rdnews.al\/index.php\/2025\/01\/31\/bylykbashi-denoncuam-ne-prokurorine-e-pergjithshme-perdorimin-e-shtetit-elektoral\/","title":{"rendered":"Bylykbashi: Denoncuam n\u00eb Prokurorin\u00eb e P\u00ebrgjithshme p\u00ebrdorimin e \u201cshtetit elektoral\u201d"},"content":{"rendered":"<p>N\u00ebnkryetari i PD, Oerd Bylykbashi dhe Drejtuesi politik i k\u00ebsaj partie p\u00ebr Kor\u00e7\u00ebn, Ivi Kaso kan\u00eb zhvilluar nj\u00eb takim n\u00eb Prokurorin\u00eb e P\u00ebrgjithshme.<\/p>\n<p>Pas k\u00ebtij Takimi Bylykbashi tha se, ne k\u00ebrkuam q\u00eb prokuroria t\u00eb k\u00ebt\u00eb nj\u00eb plan masash, t\u00eb qart\u00eb t\u00eb detajuar, tani, pa vones\u00eb n\u00eb m\u00ebnyr\u00eb q\u00eb t\u00eb kemi nj\u00eb veprim efikas dhe t\u00eb mos mbetet n\u00eb aspektet deklarative aq m\u00eb shum\u00eb pas zgjedhjeve.<\/p>\n<p>\u201cKishim n\u00eb fokus nj\u00eb nga aspektet m\u00eb t\u00eb r\u00ebnda q\u00eb sot ndodh. P\u00ebrdorimin masiv t\u00eb shtetit. Shteti elektoral i cili ka nj\u00eb num\u00ebr veprash penale n\u00eb kodin zgjedhor dhe Prokurori i P\u00ebrgjithsh\u00ebm \u00ebsht\u00eb ai q\u00eb \u00ebsht\u00eb n\u00eb krye t\u00eb k\u00ebtij sistemi prokurorie q\u00eb i ndjek k\u00ebto \u00e7eshtje. Sigurisht q\u00eb \u00ebsht\u00eb edhe shitblerja e vot\u00ebs, korrupsioni zgjedhor q\u00eb \u00ebsht\u00eb e SPAK por dominanc\u00ebn e \u00e7eshtjeve e mbulon kjo prokurori.<\/p>\n<p>Ne k\u00ebrkuam q\u00eb prokuroria t\u00eb k\u00ebt\u00eb nj\u00eb plan masash, t\u00eb qart\u00eb t\u00eb detajuar, tani, pa vonese n\u00eb m\u00ebnyr\u00eb q\u00eb t\u00eb kemi nj\u00eb veprim efikas dhe t\u00eb mos mbetet n\u00eb aspektet deklarative aq m\u00eb shum\u00eb pas zgjedhjeve. Ne jemi t\u00eb qart\u00eb q\u00eb kuadri ligjor i jep mund\u00ebsi t\u00eb m\u00ebdha sistemit t\u00eb prokuroris\u00eb p\u00ebr t\u00eb goditur paraprakisht krimin zgjedhor si at\u00eb q\u00eb po ndodh\u00eb me shtetin k\u00ebtu edhe me at\u00eb n\u00eb diaspor\u00eb.<\/p>\n<p>Esht\u00eb koha e nd\u00ebrhyrjeve t\u00eb drejtep\u00ebrdrejta nga prokuroria. N\u00ebse do ket\u00eb masa efektive sigurisht q\u00eb edhe shume veta do te jen\u00eb t\u00eb prirur q\u00eb t\u00eb ndalen e te mos b\u00ebjn\u00eb krime zgjedhore q\u00eb kan\u00eb n\u00eb baz\u00eb pand\u00ebshkueshm\u00ebrin\u00eb\u201d, tha Bylykbashi.<\/p>\n","protected":false},"excerpt":{"rendered":"<p>N\u00ebnkryetari i PD, Oerd Bylykbashi dhe Drejtuesi politik i k\u00ebsaj partie p\u00ebr Kor\u00e7\u00ebn, Ivi Kaso kan\u00eb zhvilluar nj\u00eb takim n\u00eb Prokurorin\u00eb e P\u00ebrgjithshme. Pas k\u00ebtij Takimi Bylykbashi tha se, ne k\u00ebrkuam q\u00eb prokuroria t\u00eb k\u00ebt\u00eb nj\u00eb plan masash, t\u00eb qart\u00eb t\u00eb detajuar, tani, pa vones\u00eb n\u00eb m\u00ebnyr\u00eb q\u00eb t\u00eb kemi nj\u00eb veprim efikas dhe t\u00eb &hellip;<\/p>\n","protected":false},"author":4,"featured_media":37506,"comment_status":"closed","ping_status":"closed","sticky":false,"template":"","format":"standard","meta":{"footnotes":""},"categories":[37],"tags":[],"class_list":["post-103089","post","type-post","status-publish","format-standard","has-post-thumbnail","","category-politike"],"_links":{"self":[{"href":"https:\/\/rdnews.al\/index.php\/wp-json\/wp\/v2\/posts\/103089","targetHints":{"allow":["GET"]}}],"collection":[{"href":"https:\/\/rdnews.al\/index.php\/wp-json\/wp\/v2\/posts"}],"about":[{"href":"https:\/\/rdnews.al\/index.php\/wp-json\/wp\/v2\/types\/post"}],"author":[{"embeddable":true,"href":"https:\/\/rdnews.al\/index.php\/wp-json\/wp\/v2\/users\/4"}],"replies":[{"embeddable":true,"href":"https:\/\/rdnews.al\/index.php\/wp-json\/wp\/v2\/comments?post=103089"}],"version-history":[{"count":1,"href":"https:\/\/rdnews.al\/index.php\/wp-json\/wp\/v2\/posts\/103089\/revisions"}],"predecessor-version":[{"id":103090,"href":"https:\/\/rdnews.al\/index.php\/wp-json\/wp\/v2\/posts\/103089\/revisions\/103090"}],"wp:featuredmedia":[{"embeddable":true,"href":"https:\/\/rdnews.al\/index.php\/wp-json\/wp\/v2\/media\/37506"}],"wp:attachment":[{"href":"https:\/\/rdnews.al\/index.php\/wp-json\/wp\/v2\/media?parent=103089"}],"wp:term":[{"taxonomy":"category","embeddable":true,"href":"https:\/\/rdnews.al\/index.php\/wp-json\/wp\/v2\/categories?post=103089"},{"taxonomy":"post_tag","embeddable":true,"href":"https:\/\/rdnews.al\/index.php\/wp-json\/wp\/v2\/tags?post=103089"}],"curies":[{"name":"wp","href":"https:\/\/api.w.org\/{rel}","templated":true}]}}