{"id":103155,"date":"2025-02-01T09:28:46","date_gmt":"2025-02-01T09:28:46","guid":{"rendered":"https:\/\/rdnews.al\/?p=103155"},"modified":"2025-02-01T09:28:46","modified_gmt":"2025-02-01T09:28:46","slug":"klsh-kerkon-largimin-e-sekretarit-te-pergjithshem-te-ministrise-se-arsimit-pse-nuk-e-dorezon-ogerta-erzen-tolen","status":"publish","type":"post","link":"https:\/\/rdnews.al\/index.php\/2025\/02\/01\/klsh-kerkon-largimin-e-sekretarit-te-pergjithshem-te-ministrise-se-arsimit-pse-nuk-e-dorezon-ogerta-erzen-tolen\/","title":{"rendered":"KLSH k\u00ebrkon largimin e Sekretarit t\u00eb P\u00ebrgjithsh\u00ebm t\u00eb Ministris\u00eb s\u00eb Arsimit, pse nuk e dor\u00ebzon Ogerta, Erzen Tol\u00ebn?"},"content":{"rendered":"<p><strong>Deklarata e z\u00ebdh\u00ebn\u00ebses s\u00eb Antikorrupsionit n\u00eb PD, Genta Vangjeli:<\/strong><\/p>\n<figure class=\"wp-block-image size-full\"><img loading=\"lazy\" decoding=\"async\" class=\"wp-image-17386\" src=\"https:\/\/pd.al\/wp-content\/uploads\/2025\/01\/2-1.png\" sizes=\"auto, (max-width: 470px) 100vw, 470px\" srcset=\"https:\/\/pd.al\/wp-content\/uploads\/2025\/01\/2-1.png 470w, https:\/\/pd.al\/wp-content\/uploads\/2025\/01\/2-1-180x300.png 180w\" alt=\"\" width=\"470\" height=\"785\" \/><\/figure>\n<p>Ogerta Manastirliu, ministrja e kall\u00ebzuar n\u00eb Spak, e cila propozonte dhe kryeministri miratonte, blerjen e letr\u00ebs higjienike me procedura t\u00eb konsideruara si \u2018sekret shtet\u00ebror\u2019, sapo mori detyr\u00ebn si Ministre Arsimi, me an\u00eb t\u00eb Urdhrit Nr. 523, dat\u00eb 15 shtator 2023, i delegoi Sekretarit t\u00eb P\u00ebrgjithsh\u00ebm, Erzen Tola, kompetencat e saj.<\/p>\n<figure class=\"wp-block-image size-full\"><img loading=\"lazy\" decoding=\"async\" class=\"wp-image-17385\" src=\"https:\/\/pd.al\/wp-content\/uploads\/2025\/01\/foto-1-1.png\" sizes=\"auto, (max-width: 587px) 100vw, 587px\" srcset=\"https:\/\/pd.al\/wp-content\/uploads\/2025\/01\/foto-1-1.png 587w, https:\/\/pd.al\/wp-content\/uploads\/2025\/01\/foto-1-1-211x300.png 211w\" alt=\"\" width=\"587\" height=\"833\" \/><\/figure>\n<p>Nga ana tjet\u00ebr, super Sekretari i P\u00ebrgjithsh\u00ebm, p\u00ebrve\u00e7 t\u00eb ardhurave nga paga, sigurohet t\u00eb marr\u00eb edhe nja 10 mij\u00eb euro pagesa p\u00ebr honorare dhe pjes\u00ebmarrja n\u00eb borde apo k\u00ebshilla drejtues konkretisht nga:<\/p>\n<p>-Qendra Shqiptare p\u00ebr Popullsin\u00eb dhe Zhvillimin,<\/p>\n<p>-Agjencia e Sigurimit t\u00eb Cil\u00ebsis\u00eb n\u00eb Arsimin Parauniversitar,<\/p>\n<p>-Ministria e Arsimit dhe Sportit,<\/p>\n<p>-dhe Universiteti i Tiran\u00ebs.<\/p>\n<p>Gradimi n\u00eb detyr\u00eb i super sekretarit t\u00eb p\u00ebrgjithsh\u00ebm u krye edhe pas b\u00ebmave t\u00eb k\u00ebtij t\u00eb fundit ku p\u00ebrmendim:<\/p>\n<p>-denoncimin e emisionit investigativ \u2018Stop\u2019 lidhur me nj\u00eb universitet t\u00eb pa akredituar, q\u00eb si pasoj\u00eb kishte l\u00ebn\u00eb pa matrikulluar student\u00ebt pavar\u00ebsisht se ata paguan 7 mij\u00eb Euro p\u00ebr vit akademik.<\/p>\n<p>P\u00ebrgjigja epike e Tolajt kur ai u pyet p\u00ebr k\u00ebt\u00eb shqet\u00ebsim ishte se MARS nuk kishte mekanizma kontrolli, pasi ky rast kish t\u00eb b\u00ebnte me nj\u00eb marr\u00ebdh\u00ebnie kontraktuale midis studentit dhe universitetit.<\/p>\n<p>-denoncimin tjet\u00ebr, nga presidenti i Federat\u00ebs Shqiptare t\u00eb \u2018Kick &amp; Thai Boxing\u2019 p\u00ebr mbivendosjen e nj\u00eb tjet\u00ebr federate n\u00eb aktivitetet e saj (Federat\u00ebs Shqiptare e \u2018Kick Boxing), duke akuzuar drejtp\u00ebrdrejt Ministrin\u00eb e Arsimit dhe Sportit (MAS) dhe denoncuar Erzen Tol\u00ebn si p\u00ebrgjegj\u00ebsin kryesor t\u00eb k\u00ebtij grupi korruptiv dhe t\u00eb strukturuar n\u00eb MARS.<\/p>\n<p>Gjithashtu, d\u00ebshmia n\u00eb prokurori e drejtorit t\u00eb projekteve i cili deklaroi se ka marr\u00eb porosi me e-mail nga Sekretari i P\u00ebrgjithsh\u00ebm, Erzen Tola, ku i k\u00ebrkohej q\u00eb \u2018t\u00eb vler\u00ebsohet me prioritet\u2019 zbatimi i porosis\u00eb s\u00eb t\u00eb vet\u00ebprezantuar\u00ebs si \u2018mbesa e Edi Ram\u00ebs\u2019, duke t\u00ebrhequr nga hunda me nj\u00eb email gjith\u00eb sistemin arsimor.<\/p>\n<figure class=\"wp-block-image size-full\"><img loading=\"lazy\" decoding=\"async\" class=\"wp-image-17387\" src=\"https:\/\/pd.al\/wp-content\/uploads\/2025\/01\/foto-3-1.png\" sizes=\"auto, (max-width: 760px) 100vw, 760px\" srcset=\"https:\/\/pd.al\/wp-content\/uploads\/2025\/01\/foto-3-1.png 760w, https:\/\/pd.al\/wp-content\/uploads\/2025\/01\/foto-3-1-269x300.png 269w\" alt=\"\" width=\"760\" height=\"849\" \/><\/figure>\n<p>S\u00eb fundmi sipas mediave, Kontrolli i Lart\u00eb i Shtetit (KLSH) ka dh\u00ebn\u00eb mas\u00ebn disiplinore largim nga sh\u00ebrbimi civil t\u00eb Sekretarit t\u00eb P\u00ebrgjithsh\u00ebm s\u00eb MARS, Erzen Tola si pasoj\u00eb e shkeljeve t\u00eb r\u00ebnda gjat\u00eb ushtrimit t\u00eb detyr\u00ebs nga ana e tij.<\/p>\n<p>Mir\u00ebpo ministrja e kall\u00ebzuar n\u00eb SPAK, refuzon t\u00eb zbatoj\u00eb sanksionet e vendosura nga (KLSH) .<\/p>\n<p>Natyrsh\u00ebm lind pyetja \u2026p\u00ebrse refuzon?<\/p>\n<p>Natyrsh\u00ebm vjen dhe p\u00ebrgjigja\u2026<\/p>\n<p>Ministrja q\u00eb nuk dihet tamam \u00e7far\u00eb pune b\u00ebn meqen\u00ebse ka deleguar kompetencat n\u00ebp\u00ebr vart\u00ebsit e saj, edhe pse ndodhet n\u00eb Shqip\u00ebri, dhe g\u00ebzon sh\u00ebndet t\u00eb plot\u00eb p\u00ebr t\u00eb ushtruar detyr\u00ebn e ngarkuar nga ligji dhe pranuar nga vet\u00eb ajo, n\u00ebn shembullin e Edi Ram\u00ebs, i \u2018mban peng\u2019 vart\u00ebsit e kapur n\u00eb shkelje p\u00ebr ti p\u00ebrdorur m\u00eb pas si \u2018mish p\u00ebr top\u2019 n\u00eb zbatimin e urdhrave antiligjor\u00eb e duke p\u00ebrjashtuar veten nga firma.<\/p>\n","protected":false},"excerpt":{"rendered":"<p>Deklarata e z\u00ebdh\u00ebn\u00ebses s\u00eb Antikorrupsionit n\u00eb PD, Genta Vangjeli: Ogerta Manastirliu, ministrja e kall\u00ebzuar n\u00eb Spak, e cila propozonte dhe kryeministri miratonte, blerjen e letr\u00ebs higjienike me procedura t\u00eb konsideruara si \u2018sekret shtet\u00ebror\u2019, sapo mori detyr\u00ebn si Ministre Arsimi, me an\u00eb t\u00eb Urdhrit Nr. 523, dat\u00eb 15 shtator 2023, i delegoi Sekretarit t\u00eb P\u00ebrgjithsh\u00ebm, Erzen &hellip;<\/p>\n","protected":false},"author":4,"featured_media":103156,"comment_status":"closed","ping_status":"closed","sticky":false,"template":"","format":"standard","meta":{"footnotes":""},"categories":[37],"tags":[],"class_list":["post-103155","post","type-post","status-publish","format-standard","has-post-thumbnail","","category-politike"],"_links":{"self":[{"href":"https:\/\/rdnews.al\/index.php\/wp-json\/wp\/v2\/posts\/103155","targetHints":{"allow":["GET"]}}],"collection":[{"href":"https:\/\/rdnews.al\/index.php\/wp-json\/wp\/v2\/posts"}],"about":[{"href":"https:\/\/rdnews.al\/index.php\/wp-json\/wp\/v2\/types\/post"}],"author":[{"embeddable":true,"href":"https:\/\/rdnews.al\/index.php\/wp-json\/wp\/v2\/users\/4"}],"replies":[{"embeddable":true,"href":"https:\/\/rdnews.al\/index.php\/wp-json\/wp\/v2\/comments?post=103155"}],"version-history":[{"count":1,"href":"https:\/\/rdnews.al\/index.php\/wp-json\/wp\/v2\/posts\/103155\/revisions"}],"predecessor-version":[{"id":103157,"href":"https:\/\/rdnews.al\/index.php\/wp-json\/wp\/v2\/posts\/103155\/revisions\/103157"}],"wp:featuredmedia":[{"embeddable":true,"href":"https:\/\/rdnews.al\/index.php\/wp-json\/wp\/v2\/media\/103156"}],"wp:attachment":[{"href":"https:\/\/rdnews.al\/index.php\/wp-json\/wp\/v2\/media?parent=103155"}],"wp:term":[{"taxonomy":"category","embeddable":true,"href":"https:\/\/rdnews.al\/index.php\/wp-json\/wp\/v2\/categories?post=103155"},{"taxonomy":"post_tag","embeddable":true,"href":"https:\/\/rdnews.al\/index.php\/wp-json\/wp\/v2\/tags?post=103155"}],"curies":[{"name":"wp","href":"https:\/\/api.w.org\/{rel}","templated":true}]}}