{"id":10317,"date":"2022-04-24T17:50:25","date_gmt":"2022-04-24T17:50:25","guid":{"rendered":"https:\/\/rdnews.al\/?p=10317"},"modified":"2022-04-24T17:50:25","modified_gmt":"2022-04-24T17:50:25","slug":"berisha-uron-besimtaret-ne-30-vjetorin-e-kishes-adventiste-ne-shqiperi","status":"publish","type":"post","link":"https:\/\/rdnews.al\/index.php\/2022\/04\/24\/berisha-uron-besimtaret-ne-30-vjetorin-e-kishes-adventiste-ne-shqiperi\/","title":{"rendered":"Berisha uron besimtar\u00ebt n\u00eb 30-vjetorin e Kish\u00ebs Adventiste n\u00eb Shqip\u00ebri"},"content":{"rendered":"<p>Ish-Kryeministri Sali Berisha uron besimtar\u00ebt adventist\u00eb p\u00ebr prezenc\u00ebn e tyre 30-vje\u00e7are n\u00eb vendin ton\u00eb.<\/p>\n<p>P\u00ebrmes nj\u00eb mesazhi t\u00eb gjat\u00eb me video, gati 5 minut\u00ebsh n\u00eb Facebook, Berisha b\u00ebn nj\u00eb p\u00ebrmbledhje t\u00eb shkurt\u00ebr t\u00eb aktivitetit 30-vje\u00e7ar t\u00eb Kish\u00ebs Adventiste n\u00eb vendin ton\u00eb.<\/p>\n<p>Berisha ka kujtuar edhe vizit\u00ebn e presidentit amerikan Xhimi Karter dhe takimin me t\u00eb, ku i k\u00ebrkoi q\u00eb t\u00eb mb\u00ebshteste veprimtarin\u00eb e Kish\u00ebs Adventiste.<\/p>\n<p><iframe loading=\"lazy\" style=\"border: none; overflow: hidden;\" src=\"https:\/\/www.facebook.com\/plugins\/video.php?height=316&amp;href=https%3A%2F%2Fwww.facebook.com%2FSaliBerisha%2Fvideos%2F541863247498401%2F&amp;show_text=false&amp;width=560&amp;t=0\" width=\"560\" height=\"316\" frameborder=\"0\" scrolling=\"no\" allowfullscreen=\"allowfullscreen\"><\/iframe><\/p>\n","protected":false},"excerpt":{"rendered":"<p>Ish-Kryeministri Sali Berisha uron besimtar\u00ebt adventist\u00eb p\u00ebr prezenc\u00ebn e tyre 30-vje\u00e7are n\u00eb vendin ton\u00eb. P\u00ebrmes nj\u00eb mesazhi t\u00eb gjat\u00eb me video, gati 5 minut\u00ebsh n\u00eb Facebook, Berisha b\u00ebn nj\u00eb p\u00ebrmbledhje t\u00eb shkurt\u00ebr t\u00eb aktivitetit 30-vje\u00e7ar t\u00eb Kish\u00ebs Adventiste n\u00eb vendin ton\u00eb. Berisha ka kujtuar edhe vizit\u00ebn e presidentit amerikan Xhimi Karter dhe takimin me t\u00eb, &hellip;<\/p>\n","protected":false},"author":4,"featured_media":10318,"comment_status":"open","ping_status":"open","sticky":false,"template":"","format":"standard","meta":{"footnotes":""},"categories":[40],"tags":[],"class_list":["post-10317","post","type-post","status-publish","format-standard","has-post-thumbnail","","category-aktualitet"],"_links":{"self":[{"href":"https:\/\/rdnews.al\/index.php\/wp-json\/wp\/v2\/posts\/10317","targetHints":{"allow":["GET"]}}],"collection":[{"href":"https:\/\/rdnews.al\/index.php\/wp-json\/wp\/v2\/posts"}],"about":[{"href":"https:\/\/rdnews.al\/index.php\/wp-json\/wp\/v2\/types\/post"}],"author":[{"embeddable":true,"href":"https:\/\/rdnews.al\/index.php\/wp-json\/wp\/v2\/users\/4"}],"replies":[{"embeddable":true,"href":"https:\/\/rdnews.al\/index.php\/wp-json\/wp\/v2\/comments?post=10317"}],"version-history":[{"count":0,"href":"https:\/\/rdnews.al\/index.php\/wp-json\/wp\/v2\/posts\/10317\/revisions"}],"wp:featuredmedia":[{"embeddable":true,"href":"https:\/\/rdnews.al\/index.php\/wp-json\/wp\/v2\/media\/10318"}],"wp:attachment":[{"href":"https:\/\/rdnews.al\/index.php\/wp-json\/wp\/v2\/media?parent=10317"}],"wp:term":[{"taxonomy":"category","embeddable":true,"href":"https:\/\/rdnews.al\/index.php\/wp-json\/wp\/v2\/categories?post=10317"},{"taxonomy":"post_tag","embeddable":true,"href":"https:\/\/rdnews.al\/index.php\/wp-json\/wp\/v2\/tags?post=10317"}],"curies":[{"name":"wp","href":"https:\/\/api.w.org\/{rel}","templated":true}]}}