{"id":103268,"date":"2025-02-03T11:32:23","date_gmt":"2025-02-03T11:32:23","guid":{"rendered":"https:\/\/rdnews.al\/?p=103268"},"modified":"2025-02-03T11:32:23","modified_gmt":"2025-02-03T11:32:23","slug":"trump-paguajme-qindramiliarde-usd-per-kanadane-pa-ne-nuk-ekzistojne-dot","status":"publish","type":"post","link":"https:\/\/rdnews.al\/index.php\/2025\/02\/03\/trump-paguajme-qindramiliarde-usd-per-kanadane-pa-ne-nuk-ekzistojne-dot\/","title":{"rendered":"Trump: Paguajm\u00eb qindramiliard\u00eb USD p\u00ebr Kanadan\u00eb, pa ne nuk ekzistojn\u00eb dot"},"content":{"rendered":"<p>Presidenti amerikan Donald Trump e ka p\u00ebrs\u00ebritur iden\u00eb q\u00eb Kanadaja t\u2019i bashkohet SHBA-s\u00eb pasi ia vendosi nj\u00eb tarif\u00eb tregtare prej 25% fqinjit verior, raportojn\u00eb mediat nd\u00ebrkomb\u00ebtare. Ai shkroi s\u00ebrish sot se \u201cKanadaja duhet t\u00eb b\u00ebhet shteti yn\u00eb i 51-t\u00eb\u201d.<\/p>\n<p>\u201cNe paguajm\u00eb qindra miliarda dollar\u00eb p\u00ebr ta SUBVENCIONUAR Kanadan\u00eb. Pse? Nuk ka asnj\u00eb arsye. Ne nuk kemi nevoj\u00eb p\u00ebr asgj\u00eb q\u00eb ata kan\u00eb\u201d, shkroi Trump nd\u00ebr tjerash n\u00eb platform\u00ebn e tij, \u201cTruth Social\u201d.<\/p>\n<p>Pa subvencionimin nga SHBA-ja, Trump tha se \u201cKanadaja pushon s\u00eb ekzistuari\u201d.<\/p>\n<p>\u201cTaksa shum\u00eb m\u00eb t\u00eb ul\u00ebta dhe mbrojtje shum\u00eb m\u00eb e mir\u00eb ushtarake p\u00ebr popullin e Kanadas\u00eb \u2013 DHE JO TARIFA!\u201d, shkroi ai.<\/p>\n<p>Kanadaja, nd\u00ebrkoh\u00eb \u00ebsht\u00eb n\u00eb mes t\u00eb nj\u00eb krize politike. Vendi q\u00eb sapo ka par\u00eb dor\u00ebheqjen e kryeministrit Justin Trudeau, i detyrohet shum\u00eb fqinjit t\u00eb tij t\u00eb zhurmsh\u00ebm n\u00eb jug.<\/p>\n<p>Tafira e vendosur s\u00eb fundmi konsiderohet si fatkeq\u00ebsi p\u00ebr Kanadan\u00eb, e cila eksporton n\u00eb Shtetet e Bashkuara 75% t\u00eb asaj q\u00eb prodhon \u00e7do vit.<\/p>\n<p>Trump m\u00eb her\u00ebt kishte shp\u00ebrndar\u00eb s\u00eb fundmi edhe nj\u00eb hart\u00eb me Kanadan\u00eb si pjes\u00eb t\u00eb SHBA-s\u00eb. Ai pretendon se \u201cshum\u00eb njer\u00ebzve\u201d n\u00eb Kanada u p\u00eblqen kjo ide.<\/p>\n","protected":false},"excerpt":{"rendered":"<p>Presidenti amerikan Donald Trump e ka p\u00ebrs\u00ebritur iden\u00eb q\u00eb Kanadaja t\u2019i bashkohet SHBA-s\u00eb pasi ia vendosi nj\u00eb tarif\u00eb tregtare prej 25% fqinjit verior, raportojn\u00eb mediat nd\u00ebrkomb\u00ebtare. Ai shkroi s\u00ebrish sot se \u201cKanadaja duhet t\u00eb b\u00ebhet shteti yn\u00eb i 51-t\u00eb\u201d. \u201cNe paguajm\u00eb qindra miliarda dollar\u00eb p\u00ebr ta SUBVENCIONUAR Kanadan\u00eb. Pse? Nuk ka asnj\u00eb arsye. Ne nuk &hellip;<\/p>\n","protected":false},"author":3,"featured_media":103233,"comment_status":"closed","ping_status":"closed","sticky":false,"template":"","format":"standard","meta":{"footnotes":""},"categories":[38],"tags":[],"class_list":["post-103268","post","type-post","status-publish","format-standard","has-post-thumbnail","","category-bota"],"_links":{"self":[{"href":"https:\/\/rdnews.al\/index.php\/wp-json\/wp\/v2\/posts\/103268","targetHints":{"allow":["GET"]}}],"collection":[{"href":"https:\/\/rdnews.al\/index.php\/wp-json\/wp\/v2\/posts"}],"about":[{"href":"https:\/\/rdnews.al\/index.php\/wp-json\/wp\/v2\/types\/post"}],"author":[{"embeddable":true,"href":"https:\/\/rdnews.al\/index.php\/wp-json\/wp\/v2\/users\/3"}],"replies":[{"embeddable":true,"href":"https:\/\/rdnews.al\/index.php\/wp-json\/wp\/v2\/comments?post=103268"}],"version-history":[{"count":1,"href":"https:\/\/rdnews.al\/index.php\/wp-json\/wp\/v2\/posts\/103268\/revisions"}],"predecessor-version":[{"id":103269,"href":"https:\/\/rdnews.al\/index.php\/wp-json\/wp\/v2\/posts\/103268\/revisions\/103269"}],"wp:featuredmedia":[{"embeddable":true,"href":"https:\/\/rdnews.al\/index.php\/wp-json\/wp\/v2\/media\/103233"}],"wp:attachment":[{"href":"https:\/\/rdnews.al\/index.php\/wp-json\/wp\/v2\/media?parent=103268"}],"wp:term":[{"taxonomy":"category","embeddable":true,"href":"https:\/\/rdnews.al\/index.php\/wp-json\/wp\/v2\/categories?post=103268"},{"taxonomy":"post_tag","embeddable":true,"href":"https:\/\/rdnews.al\/index.php\/wp-json\/wp\/v2\/tags?post=103268"}],"curies":[{"name":"wp","href":"https:\/\/api.w.org\/{rel}","templated":true}]}}