{"id":103270,"date":"2025-02-03T16:40:09","date_gmt":"2025-02-03T16:40:09","guid":{"rendered":"https:\/\/rdnews.al\/?p=103270"},"modified":"2025-02-03T16:46:18","modified_gmt":"2025-02-03T16:46:18","slug":"berisha-me-kancelarin-e-ardhshem-te-gjermanise-friedrich-merz","status":"publish","type":"post","link":"https:\/\/rdnews.al\/index.php\/2025\/02\/03\/berisha-me-kancelarin-e-ardhshem-te-gjermanise-friedrich-merz\/","title":{"rendered":"Berisha me Kancelarin e ardhsh\u00ebm t\u00eb Gjermanis\u00eb, Friedrich Merz!"},"content":{"rendered":"<div class=\"xdj266r x11i5rnm xat24cr x1mh8g0r x1vvkbs x126k92a\">\n<div dir=\"auto\"><\/div>\n<\/div>\n<div class=\"x11i5rnm xat24cr x1mh8g0r x1vvkbs xtlvy1s x126k92a\">\n<div dir=\"auto\">\n<p>Berisha ka rr\u00ebzuar murin e izolimit q\u00eb Soros dhe kukulla e tij n\u00eb Tiran\u00eb, Rama kishin ngritur ndaj partner\u00ebve historik\u00eb t\u00eb PD dhe sot ec\u00ebn i sigurt\u00eb drejt fitores s\u00eb zgjedhjeve t\u00eb 11 majit.<\/p>\n<p>&#8220;Sot n\u00eb Berlin, n\u00eb Kongresin e 37-t\u00eb t\u00eb CDU. Kongresin e Fitores. Nj\u00eb shtr\u00ebngim i p\u00ebrzem\u00ebrt duarsh me Kancelarin e ardhsh\u00ebm t\u00eb Gjermanis\u00eb, njeriun m\u00eb t\u00eb fuqish\u00ebm t\u00eb Europ\u00ebs, Friedrich Merz. 34 vite m\u00eb par\u00eb, Kancelari Helmut Kohl do ishte Kryeministri i par\u00eb q\u00eb do t\u00eb takoja ne Bon! Ogur i bardh\u00eb p\u00ebr fitoren e opozit\u00ebs&#8221;, shkruan Berisha n\u00eb facebook.<\/p><\/div>\n<\/div>\n","protected":false},"excerpt":{"rendered":"<p>Berisha ka rr\u00ebzuar murin e izolimit q\u00eb Soros dhe kukulla e tij n\u00eb Tiran\u00eb, Rama kishin ngritur ndaj partner\u00ebve historik\u00eb t\u00eb PD dhe sot ec\u00ebn i sigurt\u00eb drejt fitores s\u00eb zgjedhjeve t\u00eb 11 majit. &#8220;Sot n\u00eb Berlin, n\u00eb Kongresin e 37-t\u00eb t\u00eb CDU. Kongresin e Fitores. Nj\u00eb shtr\u00ebngim i p\u00ebrzem\u00ebrt duarsh me Kancelarin e ardhsh\u00ebm &hellip;<\/p>\n","protected":false},"author":3,"featured_media":103271,"comment_status":"closed","ping_status":"closed","sticky":false,"template":"","format":"standard","meta":{"footnotes":""},"categories":[37],"tags":[],"class_list":["post-103270","post","type-post","status-publish","format-standard","has-post-thumbnail","","category-politike"],"_links":{"self":[{"href":"https:\/\/rdnews.al\/index.php\/wp-json\/wp\/v2\/posts\/103270","targetHints":{"allow":["GET"]}}],"collection":[{"href":"https:\/\/rdnews.al\/index.php\/wp-json\/wp\/v2\/posts"}],"about":[{"href":"https:\/\/rdnews.al\/index.php\/wp-json\/wp\/v2\/types\/post"}],"author":[{"embeddable":true,"href":"https:\/\/rdnews.al\/index.php\/wp-json\/wp\/v2\/users\/3"}],"replies":[{"embeddable":true,"href":"https:\/\/rdnews.al\/index.php\/wp-json\/wp\/v2\/comments?post=103270"}],"version-history":[{"count":2,"href":"https:\/\/rdnews.al\/index.php\/wp-json\/wp\/v2\/posts\/103270\/revisions"}],"predecessor-version":[{"id":103273,"href":"https:\/\/rdnews.al\/index.php\/wp-json\/wp\/v2\/posts\/103270\/revisions\/103273"}],"wp:featuredmedia":[{"embeddable":true,"href":"https:\/\/rdnews.al\/index.php\/wp-json\/wp\/v2\/media\/103271"}],"wp:attachment":[{"href":"https:\/\/rdnews.al\/index.php\/wp-json\/wp\/v2\/media?parent=103270"}],"wp:term":[{"taxonomy":"category","embeddable":true,"href":"https:\/\/rdnews.al\/index.php\/wp-json\/wp\/v2\/categories?post=103270"},{"taxonomy":"post_tag","embeddable":true,"href":"https:\/\/rdnews.al\/index.php\/wp-json\/wp\/v2\/tags?post=103270"}],"curies":[{"name":"wp","href":"https:\/\/api.w.org\/{rel}","templated":true}]}}