{"id":103274,"date":"2025-02-03T16:58:17","date_gmt":"2025-02-03T16:58:17","guid":{"rendered":"https:\/\/rdnews.al\/?p=103274"},"modified":"2025-02-03T16:59:02","modified_gmt":"2025-02-03T16:59:02","slug":"presidenti-i-panamase-terheq-marreveshjen-me-kinen-pas-kercenimit-te-trump","status":"publish","type":"post","link":"https:\/\/rdnews.al\/index.php\/2025\/02\/03\/presidenti-i-panamase-terheq-marreveshjen-me-kinen-pas-kercenimit-te-trump\/","title":{"rendered":"Presidenti i Panamas\u00eb t\u00ebrheq marr\u00ebveshjen me Kin\u00ebn pas k\u00ebrc\u00ebnimit t\u00eb Trump"},"content":{"rendered":"<p>Presidenti i Panamas\u00eb thot\u00eb se kombi do t\u2019i jap\u00eb fund marr\u00ebveshjes s\u00eb madhe ekonomike me Kin\u00ebn pas vizit\u00ebs s\u00eb Rubios<\/p>\n<p>Presidenti panamez Jos\u00e9 Raul Mulino tha t\u00eb diel\u00ebn pasdite se vendi i tij do t\u00eb t\u00ebrhiqet nga Iniciativa e Kin\u00ebs \u201cBrez dhe Rrug\u00eb\u201d pas takimit me Sekretarin amerikan t\u00eb Shtetit Marco Rubio.<\/p>\n<p>Presidenti Donald Trump ka sinjalizuar se ai \u00ebsht\u00eb i gatsh\u00ebm t\u00eb p\u00ebrdor\u00eb fuqin\u00eb ushtarake p\u00ebr t\u00eb rimarr\u00eb kontrollin e Kanalit t\u00eb Panamas\u00eb n\u00ebse vendi nuk rikthen kontrollin e plot\u00eb mbi operacionet e kanalit nga Kina.<\/p>\n<p>\u201cNj\u00eb gj\u00eb e r\u00ebnd\u00ebsishme, q\u00eb \u00ebsht\u00eb nj\u00eb vendim q\u00eb kam marr\u00eb dhe i kam komunikuar Kin\u00ebs, \u00ebsht\u00eb se memorandumi i mir\u00ebkuptimit i vitit 2017 p\u00ebr Rrug\u00ebn e M\u00ebndafshit, pjes\u00eb e Iniciativ\u00ebs Brez dhe Rrug\u00eb, nuk do t\u00eb rinovohet nga qeveria ime\u201d, tha Mulino. \u201cKy \u00ebsht\u00eb nj\u00eb fakt.\u201d<\/p>\n<p>\u201cNe do t\u00eb studiojm\u00eb mund\u00ebsin\u00eb n\u00ebse mund t\u00eb p\u00ebrfundoj\u00eb m\u00eb her\u00ebt apo jo,\u201d vazhdoi ai. \u201cMendoj se do t\u00eb rinovohet n\u00eb nj\u00eb ose dy vjet, sepse \u00ebsht\u00eb \u00e7do tre\u201d.<\/p>\n<p>\u201cK\u00ebshtu q\u00eb ajo iniciativ\u00eb e n\u00ebnshkruar nuk do t\u00eb rinovohet nga qeveria ime,\u201d shtoi ai.<\/p>\n<p>Rubio fal\u00ebnderoi Mulino p\u00ebr mb\u00ebshtetjen e tij ndaj programit p\u00ebr riatdhesimin e emigrant\u00ebve t\u00eb paligjsh\u00ebm, i cili ka reduktuar migrimin e paligjsh\u00ebm p\u00ebrmes Darien Gap.<\/p>\n<p>T\u00eb dy udh\u00ebheq\u00ebsit fol\u00ebn gjithashtu p\u00ebr p\u00ebrmir\u00ebsimin e fush\u00ebs s\u00eb loj\u00ebs p\u00ebr konkurrenc\u00eb t\u00eb ndershme nga bizneset amerikane dhe mb\u00ebshtetjen e Mulino p\u00ebr nj\u00eb Venezuel\u00eb demokratike dhe t\u00eb lir\u00eb.<\/p>\n<p>\u201cSekretari Rubio shprehu mir\u00ebnjohjen e tij p\u00ebr diskutimin produktiv dhe n\u00ebnvizoi p\u00ebrkushtimin e Shteteve t\u00eb Bashkuara p\u00ebr t\u2019i b\u00ebr\u00eb t\u00eb dy vendet m\u00eb t\u00eb sigurta, m\u00eb t\u00eb forta dhe m\u00eb t\u00eb begata,\u201d shtohet n\u00eb deklarat\u00eb. Ai vuri n\u00eb dukje se ky takim sh\u00ebnon nj\u00eb hap t\u00eb r\u00ebnd\u00ebsish\u00ebm n\u00eb rigjall\u00ebrimin e marr\u00ebdh\u00ebnieve strategjike midis Shteteve t\u00eb Bashkuara dhe Panamas\u00eb, n\u00eb p\u00ebrputhje me vizionin e Presidentit Trump.<\/p>\n","protected":false},"excerpt":{"rendered":"<p>Presidenti i Panamas\u00eb thot\u00eb se kombi do t\u2019i jap\u00eb fund marr\u00ebveshjes s\u00eb madhe ekonomike me Kin\u00ebn pas vizit\u00ebs s\u00eb Rubios Presidenti panamez Jos\u00e9 Raul Mulino tha t\u00eb diel\u00ebn pasdite se vendi i tij do t\u00eb t\u00ebrhiqet nga Iniciativa e Kin\u00ebs \u201cBrez dhe Rrug\u00eb\u201d pas takimit me Sekretarin amerikan t\u00eb Shtetit Marco Rubio. Presidenti Donald Trump &hellip;<\/p>\n","protected":false},"author":3,"featured_media":103275,"comment_status":"closed","ping_status":"closed","sticky":false,"template":"","format":"standard","meta":{"footnotes":""},"categories":[38],"tags":[],"class_list":["post-103274","post","type-post","status-publish","format-standard","has-post-thumbnail","","category-bota"],"_links":{"self":[{"href":"https:\/\/rdnews.al\/index.php\/wp-json\/wp\/v2\/posts\/103274","targetHints":{"allow":["GET"]}}],"collection":[{"href":"https:\/\/rdnews.al\/index.php\/wp-json\/wp\/v2\/posts"}],"about":[{"href":"https:\/\/rdnews.al\/index.php\/wp-json\/wp\/v2\/types\/post"}],"author":[{"embeddable":true,"href":"https:\/\/rdnews.al\/index.php\/wp-json\/wp\/v2\/users\/3"}],"replies":[{"embeddable":true,"href":"https:\/\/rdnews.al\/index.php\/wp-json\/wp\/v2\/comments?post=103274"}],"version-history":[{"count":2,"href":"https:\/\/rdnews.al\/index.php\/wp-json\/wp\/v2\/posts\/103274\/revisions"}],"predecessor-version":[{"id":103277,"href":"https:\/\/rdnews.al\/index.php\/wp-json\/wp\/v2\/posts\/103274\/revisions\/103277"}],"wp:featuredmedia":[{"embeddable":true,"href":"https:\/\/rdnews.al\/index.php\/wp-json\/wp\/v2\/media\/103275"}],"wp:attachment":[{"href":"https:\/\/rdnews.al\/index.php\/wp-json\/wp\/v2\/media?parent=103274"}],"wp:term":[{"taxonomy":"category","embeddable":true,"href":"https:\/\/rdnews.al\/index.php\/wp-json\/wp\/v2\/categories?post=103274"},{"taxonomy":"post_tag","embeddable":true,"href":"https:\/\/rdnews.al\/index.php\/wp-json\/wp\/v2\/tags?post=103274"}],"curies":[{"name":"wp","href":"https:\/\/api.w.org\/{rel}","templated":true}]}}