{"id":103278,"date":"2025-02-03T17:30:39","date_gmt":"2025-02-03T17:30:39","guid":{"rendered":"https:\/\/rdnews.al\/?p=103278"},"modified":"2025-02-03T17:30:39","modified_gmt":"2025-02-03T17:30:39","slug":"balliu-qytetaret-vidhen-me-pagesat-inceneratori-inekzistent-fitime-rekord-per-2023-por-tirana-eshte-e-mbytur-ne-plehra","status":"publish","type":"post","link":"https:\/\/rdnews.al\/index.php\/2025\/02\/03\/balliu-qytetaret-vidhen-me-pagesat-inceneratori-inekzistent-fitime-rekord-per-2023-por-tirana-eshte-e-mbytur-ne-plehra\/","title":{"rendered":"Balliu: Qytetar\u00ebt vidhen me pagesat, inceneratori inekzistent fitime rekord p\u00ebr 2023, por Tirana \u00ebsht\u00eb e mbytur n\u00eb plehra!"},"content":{"rendered":"<p><strong>Deklarata e koordinatorit t\u00eb rajonit t\u00eb Tiran\u00ebs, Klevis Balliu:<\/strong><\/p>\n<p>P\u00ebrsh\u00ebndetje!<\/p>\n<p>Nd\u00ebrkoh\u00eb q\u00eb Tirana ka humbur, sepse paguan p\u00ebr incineratorin q\u00eb nuk e ka, dhe s\u00ebrish \u00ebsht\u00eb e mbytur n\u00eb plehra;<\/p>\n<p>nd\u00ebrkoh\u00eb q\u00eb taksat tuaja rriten dhe ekonomit\u00eb familjare dob\u00ebsohen, kompanit\u00eb e pushtetar\u00ebve dhe ato t\u00eb lidhura me qeverin\u00eb dhe bashkin\u00eb pasurohen.<\/p>\n<p>Integrated Energy, kompania e famshme e incinertorit-fantazm\u00eb t\u00eb Erion Veliajt n\u00eb Tiran\u00eb, ka b\u00ebr\u00eb bilancin e vitit 2023, ku deklaron se ka fituar plot 7.4 mil euro.<\/p>\n<p>K\u00ebto kuota fitimi jan\u00eb rekord, jo vet\u00ebm n\u00eb Shqip\u00ebri, po n\u00eb \u00e7do vend. Ky fitim marramend\u00ebs prej 47 p\u00ebrqind q\u00eb thyen logjik\u00ebn e biznesit vjen jo prej aft\u00ebsis\u00eb menaxheriale, por prej leht\u00ebsirave t\u00eb krijuara nga qeveria dhe bashkia.<\/p>\n<p>V\u00ebrteton at\u00eb q\u00eb ne themi prej koh\u00ebsh, se incineratori \u00ebsht\u00eb skem\u00eb e Ram\u00ebs dhe Veliajt, jo p\u00ebr t\u00eb pastruar Tiran\u00ebn, por p\u00ebr t\u00eb pasuruar veten dhe shoqnin\u00eb.<\/p>\n<p>Si rrjedhoj\u00eb e koncensionit t\u00eb Ram\u00ebs, bashkit\u00eb e vendit jan\u00eb futur n\u00eb kolaps pasi me mbylljen e pik\u00ebs s\u00eb depozitimit t\u00eb Porto Romanos, mbetjet p\u00ebr nj\u00eb seri bashkish depozitohen n\u00eb Sharr\u00eb, te landfilli ku duhej t\u00eb ishte incineratori i Edi Ram\u00ebs dhe Erion Veliajt.<\/p>\n<p>Sipas kontrat\u00ebs t\u00eb Rama-Veliajt me mafien e incenerator\u00ebre, kosto p\u00ebr depozitim, n\u00eb incineratorin q\u00eb nuk ekziston, \u00ebsht\u00eb 29.05 euro p\u00ebr ton. P\u00ebr k\u00ebt\u00eb Bashkia Durr\u00ebs paguan plot 2 milion euro n\u00eb vit.<\/p>\n<p>Nd\u00ebrkoh\u00eb q\u00eb ju paguani \u00e7do dit\u00eb e \u00e7do muaj taksa t\u00eb mbetjeve dhe incenerimit, Tirana dhe Shqip\u00ebria \u00ebsht\u00eb e mbytur nga plehrat.<\/p>\n<p>Situata e r\u00ebnduar e mjedisit, si rrjedhoj\u00eb e mbetjeve t\u00eb patrajtuara n\u00eb Shqip\u00ebri u trajtua edhe nga Z\u00ebri i Amerik\u00ebs.<\/p>\n<p>Por nuk duhet asnj\u00eb media, sado prestigjioze, p\u00ebr t\u00eb v\u00ebrtetuar at\u00eb q\u00eb kapin \u00e7do dit\u00eb kamerat e syve tuaj: koshat e st\u00ebrmbushur e t\u00eb derdhur n\u00eb \u00e7do rrug\u00eb e lagje t\u00eb Tiran\u00ebs.<\/p>\n<p>Partia Demokratike e d\u00ebnon s\u00ebrish me forc\u00eb k\u00ebt\u00eb vjedhje skandaloze q\u00eb boshatis xhepat e qytetar\u00ebve p\u00ebr t\u00eb mbushur llogarit\u00eb bankare t\u00eb narko-pushtetar\u00ebve dhe mafies s\u00eb incenerator\u00ebve.<\/p>\n<p>Drejt\u00ebsia e kapur b\u00ebn sehir, nd\u00ebrkoh\u00eb q\u00eb Tirana mbytet nga plehrat, n\u00eb rrug\u00eb dhe n\u00eb pushtet. N\u00eb munges\u00eb t\u00eb drejt\u00ebsis\u00eb, \u00ebsht\u00eb detyra e gjithsecilit t\u00eb luftojm\u00eb t\u00eb bashkuar p\u00ebr t\u00eb shp\u00ebtuar vendin nga kthetrat e mafies se incenerator\u00ebve.<\/p>\n<p>N\u00eb dat\u00ebn 8 shkurt, ora 17:00, te Kryeministria mblidhen t\u00eb gjith\u00eb ata q\u00eb nuk e pranojn\u00eb as tragjedin\u00eb e Onkologjikut, as mashtrimin me incinerator\u00ebt dhe as ver\u00ebn kryeministrore prej 33 mij\u00eb eurosh.<\/p>\n","protected":false},"excerpt":{"rendered":"<p>Deklarata e koordinatorit t\u00eb rajonit t\u00eb Tiran\u00ebs, Klevis Balliu: P\u00ebrsh\u00ebndetje! Nd\u00ebrkoh\u00eb q\u00eb Tirana ka humbur, sepse paguan p\u00ebr incineratorin q\u00eb nuk e ka, dhe s\u00ebrish \u00ebsht\u00eb e mbytur n\u00eb plehra; nd\u00ebrkoh\u00eb q\u00eb taksat tuaja rriten dhe ekonomit\u00eb familjare dob\u00ebsohen, kompanit\u00eb e pushtetar\u00ebve dhe ato t\u00eb lidhura me qeverin\u00eb dhe bashkin\u00eb pasurohen. Integrated Energy, kompania e &hellip;<\/p>\n","protected":false},"author":4,"featured_media":103279,"comment_status":"closed","ping_status":"closed","sticky":false,"template":"","format":"standard","meta":{"footnotes":""},"categories":[37],"tags":[],"class_list":["post-103278","post","type-post","status-publish","format-standard","has-post-thumbnail","","category-politike"],"_links":{"self":[{"href":"https:\/\/rdnews.al\/index.php\/wp-json\/wp\/v2\/posts\/103278","targetHints":{"allow":["GET"]}}],"collection":[{"href":"https:\/\/rdnews.al\/index.php\/wp-json\/wp\/v2\/posts"}],"about":[{"href":"https:\/\/rdnews.al\/index.php\/wp-json\/wp\/v2\/types\/post"}],"author":[{"embeddable":true,"href":"https:\/\/rdnews.al\/index.php\/wp-json\/wp\/v2\/users\/4"}],"replies":[{"embeddable":true,"href":"https:\/\/rdnews.al\/index.php\/wp-json\/wp\/v2\/comments?post=103278"}],"version-history":[{"count":1,"href":"https:\/\/rdnews.al\/index.php\/wp-json\/wp\/v2\/posts\/103278\/revisions"}],"predecessor-version":[{"id":103280,"href":"https:\/\/rdnews.al\/index.php\/wp-json\/wp\/v2\/posts\/103278\/revisions\/103280"}],"wp:featuredmedia":[{"embeddable":true,"href":"https:\/\/rdnews.al\/index.php\/wp-json\/wp\/v2\/media\/103279"}],"wp:attachment":[{"href":"https:\/\/rdnews.al\/index.php\/wp-json\/wp\/v2\/media?parent=103278"}],"wp:term":[{"taxonomy":"category","embeddable":true,"href":"https:\/\/rdnews.al\/index.php\/wp-json\/wp\/v2\/categories?post=103278"},{"taxonomy":"post_tag","embeddable":true,"href":"https:\/\/rdnews.al\/index.php\/wp-json\/wp\/v2\/tags?post=103278"}],"curies":[{"name":"wp","href":"https:\/\/api.w.org\/{rel}","templated":true}]}}