{"id":10345,"date":"2022-04-25T09:45:21","date_gmt":"2022-04-25T09:45:21","guid":{"rendered":"https:\/\/rdnews.al\/?p=10345"},"modified":"2022-04-25T09:45:21","modified_gmt":"2022-04-25T09:45:21","slug":"kinemaja-grate-futbolli-vittorio-cecchi-gori-ne-te-gjithe-fushen","status":"publish","type":"post","link":"https:\/\/rdnews.al\/index.php\/2022\/04\/25\/kinemaja-grate-futbolli-vittorio-cecchi-gori-ne-te-gjithe-fushen\/","title":{"rendered":"Kinemaja, grat\u00eb, futbolli: Vittorio Cecchi Gori n\u00eb t\u00eb gjith\u00eb fush\u00ebn"},"content":{"rendered":"<p>Intervist\u00eb shum\u00eb e bukur e \u201cCorriere Fiorentino\u201d (me firm\u00ebn e Roberto De Ponti) me ish presidentin e Fiorentin\u00ebs (pse jo edhe producentit kinematografik) Vittorio Cecchi Gori. Q\u00eb pas pak dit\u00ebsh do t\u00eb mbush\u00eb 80 vje\u00e7. \u00abJeta ime m\u00eb ka dh\u00ebn\u00eb, m\u00eb ka dh\u00ebn\u00eb shum\u00eb. Sigurisht. Ndonj\u00eb hidh\u00ebrim edhe ka ndodhur, por jeta m\u00eb ka dh\u00ebn\u00eb shum\u00eb dhe, kur arrin t\u00eb b\u00ebsh gj\u00ebrat q\u00eb t\u00eb p\u00eblqejn\u00eb dhe i b\u00ebn aq mir\u00eb sa t\u00eb gjith\u00eb e pranojn\u00eb, at\u00ebhere mendon se di\u00e7ka t\u00eb mir\u00eb e ke l\u00ebn\u00eb\u00bb.<\/p>\n<p><strong>Flisni p\u00ebr t\u00eb kaluar\u00ebn tuaj n\u00eb futboll, nga titulli thuajse i fituar.<\/strong><\/p>\n<p>\u00abAjo q\u00eb m\u00eb bezdis akoma sot. Si\u00e7 ndodh gjithmon\u00eb n\u00eb kampionatin italian, n\u00eb fund ka pak influenca t\u00eb jashtme q\u00eb n\u00eb nj\u00eb far\u00eb m\u00ebnyre e prishin rezultatin. P\u00ebsuam ndonj\u00eb gabim, pati ndonj\u00eb spekulim mbi faktin se Edmundo ishte kthyer n\u00eb Brazil p\u00ebr karnavalin. Nuk ishte e v\u00ebrtet\u00eb, n\u00eb kontrat\u00eb parashikohej se duhej t\u00eb kthehej p\u00ebr t\u2019u paraqitur n\u00eb nj\u00eb proces. Pati prishje qejfi dhe Batistuta u d\u00ebmtua. Pastaj kemi p\u00ebsuar gabime arbitrare edhe n\u00eb Europ\u00eb, skualifikimi i fush\u00ebs pas Barcelon\u00ebs, ai fishekzjarri absurd nj\u00eb vit m\u00eb pas n\u00eb Salerno, n\u00eb fush\u00eb neutrale, pasi kishim fituar 2 \u2013 0 n\u00eb vajtje\u00bb.<\/p>\n<p><strong>Ju keni qen\u00eb gjithmon\u00eb nj\u00eb i tret\u00eb jokomod\u2026<\/strong><\/p>\n<p>\u00abKudo. Bazohesha n\u00eb sukseset e vij\u00ebs s\u00eb par\u00eb dhe jo mbi bankat, mbi aleancat, k\u00ebshtu q\u00eb isha leht\u00ebsisht i goditsh\u00ebm. Sot, ashtu si at\u00ebhere, fitojn\u00eb grupet e m\u00ebdha, fondet, t\u00eb huaj dhe jo m\u00eb italian\u00eb. Futbolli i parangjet k\u00ebsaj, por e humbet at\u00eb matric\u00eb t\u00eb v\u00ebrtet\u00eb q\u00eb e mban n\u00eb jet\u00eb, q\u00eb \u00ebsht\u00eb tifozll\u00ebku i pron\u00ebsis\u00eb\u00bb.<\/p>\n<p><strong>Flisni p\u00ebr raportin me babain tuaj Mario, q\u00eb bleu klubin, t\u00eb cilin m\u00eb pas u gjend\u00ebt ju ta drejtonit.<\/strong><\/p>\n<p>\u00abUn\u00eb kam qen\u00eb me fat, pasi midis meje dhe tim eti kishte 20 vite diferenc\u00eb. Isha lindur shum\u00eb shpejt, le ta themi k\u00ebshtu, dhe m\u00eb ka mbajtur gjithmon\u00eb me vete: n\u00eb mosh\u00ebn 12 \u2013 13 vje\u00e7are un\u00eb isha tan\u00eb nj\u00eb producent dhe ka qen\u00eb k\u00ebshtu edhe p\u00ebr futbollin. K\u00ebshtu q\u00eb jam gjendur i p\u00ebrgatitur me ndryshimim dhe plus me besimin e tim eti\u00bb.<\/p>\n<p><strong>Rr\u00ebfeni kur vendos\u00ebt t\u00eb blenit Batistut\u00ebn.<\/strong><\/p>\n<p>\u00abIsha n\u00eb Los Angeles, nd\u00ebrsa punoja p\u00ebr kineman\u00eb e pash\u00eb n\u00eb televizion Kup\u00ebn Libertadores dhe mendova: Ky \u00ebsht\u00eb i p\u00ebrsosur p\u00ebr futbollin europian. At\u00ebhere i thash\u00eb nd\u00ebrmjet\u00ebsit ton\u00eb: m\u00eb sill Batistut\u00ebn ose mos m\u00eb dil m\u00eb p\u00ebrpara syve\u00bb.<\/p>\n<p><strong>Dhe Batistuta erdhi me Latorre dhe Mohamed.<\/strong><\/p>\n<p>\u00abQe nj\u00eb xhiro e lidhur me Batistut\u00ebn. M\u00eb takoi t\u2019i merrja, ama luanin sikur un\u00eb&#8230;\u00bb.<\/p>\n<p><strong>Lojtari m\u00eb i mir\u00eb i bler\u00eb nuk qe Batistuta, por, thoni ju, Rui Costa.<\/strong><\/p>\n<p>\u00abBatistuta ishte nj\u00eb luan, nj\u00eb t\u00ebrheq\u00ebs. Kurse Rui Costa ishte nj\u00eb talent shum\u00eb i past\u00ebr\u00bb.<\/p>\n<p><strong>Pas 9 vitesh me p\u00ebrkat\u00ebsi vjollc\u00eb, e shit\u00ebt Batistut\u00ebn tek Roma. Ju pyesin n\u00ebse do ta kishit shitur Vlahovi\u00e7in tek Juvja, n\u00eb vend t\u00eb Commisso.<\/strong><\/p>\n<p>\u00abPo. Vlahovi\u00e7 nuk \u00ebsht\u00eb Batistuta. Batistuta ishte vendimtar, Vlahovi\u00e7i t\u00eb fiton me skuadra mesatare, me t\u00eb m\u00ebdhat\u00eb m\u00eb duhet ta shoh akoma\u00bb.<\/p>\n<p><strong>Lidhur me raportin me grat\u00eb.<\/strong><\/p>\n<p>\u00abShiko, p\u00ebr sa u p\u00ebrket difekteve t\u00eb jet\u00ebs time, sikur mos t\u00eb kishte qen\u00eb gosipi vet\u00ebm do t\u00eb kisha fituar, pasi duke b\u00ebr\u00eb gj\u00ebra kaq t\u00eb dukshme gosipi ka fituar mbi gjith\u00e7ka. Dukesha nj\u00eb i leht\u00eb, por nuk \u00ebsht\u00eb k\u00ebshtu. Grat\u00eb m\u00eb kan\u00eb p\u00eblqyer gjithmon\u00eb, ama n\u00eb m\u00ebnyr\u00ebn e duhur, pavar\u00ebsisht fushatave q\u00eb b\u00ebhen sot. T\u00eb duash nj\u00eb grua do t\u00eb thot\u00eb ta respektosh dhe un\u00eb kisha gjithmon\u00eb nevoj\u00eb t\u00eb kisha af\u00ebr nj\u00eb shoqe, m\u00eb shum\u00eb sesa t\u00eb b\u00ebja Casanova. Dhe mund t\u2019ju siguroj se un\u00eb divanin e producentit nuk e kam pasur ndonj\u00ebher\u00eb\u00bb.<\/p>\n<p><strong>Keni prodhuar shum\u00eb filma t\u00eb suksessh\u00ebm. Ju pyesin \u00e7far\u00eb kan\u00eb t\u00eb p\u00ebrbashk\u00ebt kinemaja dhe futbolli.<\/strong><\/p>\n<p>\u00abPak ose asgj\u00eb, p\u00ebrve\u00e7 materialit njer\u00ebzor dhe regjisorit, q\u00eb n\u00eb futboll \u00ebsht\u00eb traineri\u00bb.<\/p>\n<p><strong>Aurelio De Laurentiis ka ndjekur rrug\u00ebtimin tuaj: nga kinemaja ka arritur tek futbolli.<\/strong><\/p>\n<p>\u00abAurelio i p\u00eblqente t\u00eb b\u00ebnte at\u00eb q\u00eb b\u00ebja un\u00eb. Kur un\u00eb mora Fiorentin\u00ebn, i k\u00ebrceu n\u00eb kok\u00eb t\u00eb merrte nj\u00eb skuad\u00ebr futbolli. Fatkeq\u00ebsisht ai mori Napoli kur un\u00eb humba Fiorentin\u00ebn, k\u00ebshtu q\u00eb nuk jemi p\u00ebrplasur kurr\u00eb. Ama duhet t\u2019ju them t\u00eb v\u00ebtet\u00ebn: Aurelio \u00ebsht\u00eb m\u00eb i zoti si president sesa si producent. \u00cbsht\u00eb nj\u00eb organizator i shk\u00eblqyer, e ka stof\u00ebn\u00bb.<\/p>\n<p><strong>Mendoni se Fiorentin\u00ebn ua mor\u00ebn nga dora. Thoni se kan\u00eb peshuar t\u00eb drejtat televizive.<\/strong><\/p>\n<p>\u00abKan\u00eb peshuar t\u00eb drejtat televizive. Un\u00eb kisha nj\u00eb sht\u00ebpi t\u00eb madhe kinematografike, q\u00eb mund ta kusht\u00ebzonte ekzistenc\u00ebn e nj\u00eb televizioni dhe kur filtet p\u00ebr komunikim, at\u00ebhere preken majat e shtetit. Futbolli kishte problemi e t\u00eb drejtave televizive, gj\u00eb e pazgjidhur pasi akoma sot ndodhin t\u00eb nj\u00ebjtat gj\u00ebra q\u00eb ndodhnin 30 vite m\u00eb par\u00eb. Nj\u00eb gj\u00eb e till\u00eb \u00ebsht\u00eb e r\u00ebnd\u00eb, pasi un\u00eb kam l\u00ebn\u00eb l\u00ebkur\u00ebn p\u00ebr k\u00ebt\u00eb. M\u00eb vun\u00eb kund\u00ebr RAI, por un\u00eb nuk e kisha me t\u00eb. Un\u00eb isha nj\u00eb prodhues programesh, jo nj\u00eb shp\u00ebndar\u00ebs. Televizioni me pages\u00eb ishte nj\u00eb koncept q\u00eb m\u00eb p\u00eblqente, por nuk ngrihej kurr\u00eb, aq \u00ebsht\u00eb e v\u00ebrtet\u00eb sa q\u00eb n\u00eb nj\u00eb moment p\u00ebrkraha iden\u00eb e krijimit t\u00eb nj\u00eb platforme europiane, europiane ama me raporte t\u00eb mira me Amerik\u00ebn. N\u00eb realitet, n\u00eb let\u00ebr ishte nj\u00eb ndeshje e fituar, por ka zgjuar shum\u00eb interesa\u00bb.<\/p>\n<p><strong>U shemb gjith\u00e7ka&#8230;<\/strong><\/p>\n<p>\u00abNuk e di se \u00e7far\u00eb ka ndodhur. Nuk ishte nj\u00eb \u00e7\u00ebshtje parash\u00eb, ishte nj\u00eb \u00e7\u00ebshtje pushteti dhe, kush nuk m\u00eb donte t\u00eb mir\u00ebn, m\u00eb ka masakruar. N\u00ebse e mendoj sot, n\u00eb distanc\u00ebn e shum\u00eb viteve, mendoj: \u00ebsht\u00eb e v\u00ebrtet\u00eb, kur bie p\u00ebrtok\u00eb mir\u00ebnjohja zhduket. Ama \u00ebsht\u00eb e v\u00ebrtet\u00eb se me koh\u00eb kam gjetur njer\u00ebzit q\u00eb m\u00eb duan shum\u00eb. N\u00eb thelb, n\u00eb jet\u00ebn time kam b\u00ebr\u00eb shum\u00eb gj\u00ebra t\u00eb gabuara, por edhe ndonj\u00eb t\u00eb drejt\u00eb\u00bb.<\/p>\n<p>(nga <em>Il Napolista<\/em>)<\/p>\n<p><strong>P\u00ebrgatiti<\/strong><\/p>\n<p><strong>ARMIN TIRANA<\/strong><\/p>\n","protected":false},"excerpt":{"rendered":"<p>Intervist\u00eb shum\u00eb e bukur e \u201cCorriere Fiorentino\u201d (me firm\u00ebn e Roberto De Ponti) me ish presidentin e Fiorentin\u00ebs (pse jo edhe producentit kinematografik) Vittorio Cecchi Gori. Q\u00eb pas pak dit\u00ebsh do t\u00eb mbush\u00eb 80 vje\u00e7. \u00abJeta ime m\u00eb ka dh\u00ebn\u00eb, m\u00eb ka dh\u00ebn\u00eb shum\u00eb. Sigurisht. Ndonj\u00eb hidh\u00ebrim edhe ka ndodhur, por jeta m\u00eb ka dh\u00ebn\u00eb &hellip;<\/p>\n","protected":false},"author":4,"featured_media":10346,"comment_status":"open","ping_status":"open","sticky":false,"template":"","format":"standard","meta":{"footnotes":""},"categories":[42],"tags":[],"class_list":["post-10345","post","type-post","status-publish","format-standard","has-post-thumbnail","","category-kulture"],"_links":{"self":[{"href":"https:\/\/rdnews.al\/index.php\/wp-json\/wp\/v2\/posts\/10345","targetHints":{"allow":["GET"]}}],"collection":[{"href":"https:\/\/rdnews.al\/index.php\/wp-json\/wp\/v2\/posts"}],"about":[{"href":"https:\/\/rdnews.al\/index.php\/wp-json\/wp\/v2\/types\/post"}],"author":[{"embeddable":true,"href":"https:\/\/rdnews.al\/index.php\/wp-json\/wp\/v2\/users\/4"}],"replies":[{"embeddable":true,"href":"https:\/\/rdnews.al\/index.php\/wp-json\/wp\/v2\/comments?post=10345"}],"version-history":[{"count":0,"href":"https:\/\/rdnews.al\/index.php\/wp-json\/wp\/v2\/posts\/10345\/revisions"}],"wp:featuredmedia":[{"embeddable":true,"href":"https:\/\/rdnews.al\/index.php\/wp-json\/wp\/v2\/media\/10346"}],"wp:attachment":[{"href":"https:\/\/rdnews.al\/index.php\/wp-json\/wp\/v2\/media?parent=10345"}],"wp:term":[{"taxonomy":"category","embeddable":true,"href":"https:\/\/rdnews.al\/index.php\/wp-json\/wp\/v2\/categories?post=10345"},{"taxonomy":"post_tag","embeddable":true,"href":"https:\/\/rdnews.al\/index.php\/wp-json\/wp\/v2\/tags?post=10345"}],"curies":[{"name":"wp","href":"https:\/\/api.w.org\/{rel}","templated":true}]}}