{"id":103548,"date":"2025-02-06T09:54:31","date_gmt":"2025-02-06T09:54:31","guid":{"rendered":"https:\/\/rdnews.al\/?p=103548"},"modified":"2025-02-06T10:10:34","modified_gmt":"2025-02-06T10:10:34","slug":"zjarr-edhe-ne-spitalin-psikiatrik-ne-tirane","status":"publish","type":"post","link":"https:\/\/rdnews.al\/index.php\/2025\/02\/06\/zjarr-edhe-ne-spitalin-psikiatrik-ne-tirane\/","title":{"rendered":"Zjarr edhe n\u00eb nj\u00eb tjet\u00ebr Spital n\u00eb Tiran\u00eb"},"content":{"rendered":"<p>Spitali Psikiatrik n\u00eb Tiran\u00eb \u00ebsht\u00eb p\u00ebrfshir\u00eb nga flak\u00ebt mbr\u00ebmjen e djeshme.<\/p>\n<p>Qendra Spitalore Universitare \u201cN\u00ebn\u00eb Tereza\u201d informoi se zjarri ka r\u00ebn\u00eb n\u00eb katin -1 t\u00eb Spitalit t\u00eb Neurologjis\u00eb por \u2018pa asnj\u00eb rrezik p\u00ebr pacient\u00ebt apo stafin\u2019.<\/p>\n<p>Policia njofton se nga flak\u00ebt jan\u00eb sh\u00ebnuar vet\u00ebm d\u00ebme materiale, nd\u00ebrsa shkak i zjarrit dyshohet se ka qen\u00eb nj\u00eb shk\u00ebndij\u00eb elektrike.<\/p>\n<p>\u201cM\u00eb dat\u00eb 05.02.2025, rreth or\u00ebs 21:50, dyshohet se p\u00ebr shkak t\u00eb nj\u00eb shk\u00ebndije elektrike ka r\u00ebn\u00eb zjarr n\u00eb bodrumin e Spitalit Psikiatrik. Nga zjarri jan\u00eb shkaktuar vet\u00ebm d\u00ebme materiale.<\/p>\n<p>Materialet procedurale i kaluan Prokuroris\u00eb, p\u00ebr veprime t\u00eb m\u00ebtejshme\u201d, thuhet n\u00eb njoftimin e policis\u00eb.<\/p>\n","protected":false},"excerpt":{"rendered":"<p>Spitali Psikiatrik n\u00eb Tiran\u00eb \u00ebsht\u00eb p\u00ebrfshir\u00eb nga flak\u00ebt mbr\u00ebmjen e djeshme. Qendra Spitalore Universitare \u201cN\u00ebn\u00eb Tereza\u201d informoi se zjarri ka r\u00ebn\u00eb n\u00eb katin -1 t\u00eb Spitalit t\u00eb Neurologjis\u00eb por \u2018pa asnj\u00eb rrezik p\u00ebr pacient\u00ebt apo stafin\u2019. Policia njofton se nga flak\u00ebt jan\u00eb sh\u00ebnuar vet\u00ebm d\u00ebme materiale, nd\u00ebrsa shkak i zjarrit dyshohet se ka qen\u00eb nj\u00eb &hellip;<\/p>\n","protected":false},"author":4,"featured_media":103551,"comment_status":"closed","ping_status":"closed","sticky":false,"template":"","format":"standard","meta":{"footnotes":""},"categories":[37],"tags":[],"class_list":["post-103548","post","type-post","status-publish","format-standard","has-post-thumbnail","","category-politike"],"_links":{"self":[{"href":"https:\/\/rdnews.al\/index.php\/wp-json\/wp\/v2\/posts\/103548","targetHints":{"allow":["GET"]}}],"collection":[{"href":"https:\/\/rdnews.al\/index.php\/wp-json\/wp\/v2\/posts"}],"about":[{"href":"https:\/\/rdnews.al\/index.php\/wp-json\/wp\/v2\/types\/post"}],"author":[{"embeddable":true,"href":"https:\/\/rdnews.al\/index.php\/wp-json\/wp\/v2\/users\/4"}],"replies":[{"embeddable":true,"href":"https:\/\/rdnews.al\/index.php\/wp-json\/wp\/v2\/comments?post=103548"}],"version-history":[{"count":2,"href":"https:\/\/rdnews.al\/index.php\/wp-json\/wp\/v2\/posts\/103548\/revisions"}],"predecessor-version":[{"id":103552,"href":"https:\/\/rdnews.al\/index.php\/wp-json\/wp\/v2\/posts\/103548\/revisions\/103552"}],"wp:featuredmedia":[{"embeddable":true,"href":"https:\/\/rdnews.al\/index.php\/wp-json\/wp\/v2\/media\/103551"}],"wp:attachment":[{"href":"https:\/\/rdnews.al\/index.php\/wp-json\/wp\/v2\/media?parent=103548"}],"wp:term":[{"taxonomy":"category","embeddable":true,"href":"https:\/\/rdnews.al\/index.php\/wp-json\/wp\/v2\/categories?post=103548"},{"taxonomy":"post_tag","embeddable":true,"href":"https:\/\/rdnews.al\/index.php\/wp-json\/wp\/v2\/tags?post=103548"}],"curies":[{"name":"wp","href":"https:\/\/api.w.org\/{rel}","templated":true}]}}