{"id":103553,"date":"2025-02-06T10:34:53","date_gmt":"2025-02-06T10:34:53","guid":{"rendered":"https:\/\/rdnews.al\/?p=103553"},"modified":"2025-02-06T10:46:34","modified_gmt":"2025-02-06T10:46:34","slug":"bashkia-tirane-shembi-pallatin-ne-kombinat-duke-falsifikuar-aktet-e-ekspertimit-kalaja-kallezimi-ne-spak","status":"publish","type":"post","link":"https:\/\/rdnews.al\/index.php\/2025\/02\/06\/bashkia-tirane-shembi-pallatin-ne-kombinat-duke-falsifikuar-aktet-e-ekspertimit-kalaja-kallezimi-ne-spak\/","title":{"rendered":"Bashkia Tiran\u00eb shembi pallatin n\u00eb Kombinat duke falsifikuar aktet e ekspertimit, Kalaja kall\u00ebzim n\u00eb SPAK"},"content":{"rendered":"<p>Kryetarja e Apelimit n\u00eb PD, Adriana Kalaja ka kall\u00ebzuar n\u00eb SPAK k\u00ebt\u00eb t\u00eb enjte 31 zyrtar\u00eb t\u00eb Bashkis\u00eb s\u00eb Tiran\u00ebs, lidhur me shembjen e pallatit n\u00eb zon\u00ebn e Kombinatit.\u00a0Sipas Kalas\u00eb, veprimet e b\u00ebra nga IMT jan\u00eb b\u00ebr\u00eb n\u00ebp\u00ebrmjet falsifikimit t\u00eb akteve t\u00eb ekspertimit.<\/p>\n<p>\u201cN\u00eb pallatet e ndodhura n\u00eb rrug\u00ebn \u2018Myslym Keta\u2019 n\u00eb Kombinat, nga ana e kryetarit t\u00eb bashkis\u00eb, bashk\u00eb me gjith\u00eb personat e kall\u00ebzuar prej nesh dhe jan\u00eb 31 zyrtar\u00eb t\u00eb lart\u00eb p\u00ebrfshir\u00eb dhe 3 drejtor\u00ebt t\u00eb cil\u00ebt sot ndodhen n\u00eb \u2018Arrest me burg\u2019, Taulant Tushe, Mariglen Qato dhe Redi Molla, t\u00eb cil\u00ebt n\u00eb bashk\u00ebpunim n\u00eb form\u00ebn e grupit t\u00eb strukturuar kriminal, kan\u00eb shembur jasht\u00eb \u00e7do standardi ligjor, pallatin q\u00eb pretendohet se ishte d\u00ebmtuar nga t\u00ebrmeti. Nd\u00ebrkoh\u00eb q\u00eb, kjo shembje ka ndodhur n\u00eb vitin 2022, kur ne t\u00eb gjith\u00eb e dim\u00eb q\u00eb t\u00ebrmeti ka r\u00ebn\u00eb n\u00eb n\u00ebntor t\u00eb vitit 2019.<\/p>\n<p>Nga ana tjet\u00ebr, p\u00ebrve\u00e7se kemi konstatuar q\u00eb edhe n\u00ebse \u00ebsht\u00eb e v\u00ebrtet\u00eb se shembja e pallateve t\u00eb ishte p\u00ebr shkak t\u00eb d\u00ebmtimeve, kjo nuk duhej l\u00ebn\u00eb me kaq vones\u00eb. Pra, me gati 2 vite e gjysm\u00eb nga r\u00ebnia e t\u00ebrmetit. Dhe nga ana tjet\u00ebr, kemi evidentuar n\u00ebp\u00ebrmjet kall\u00ebzimit ton\u00eb penal, sepse e gjith\u00eb kjo p\u00ebrve\u00e7se \u00ebsht\u00eb b\u00ebr\u00eb p\u00ebrmes falsifikimit aktet e ekspertimit, por mbi t\u00eb gjitha duke nd\u00ebrhyr\u00eb tek IMT, ku drejtues k\u00ebto koh\u00eb ka qen\u00eb Mariglen Qato, i cili drejtonte gjith\u00eb situat\u00ebn e shembjeve n\u00eb k\u00ebt\u00eb zon\u00eb, duke i prer\u00eb dhe ujin dhe dritat n\u00eb mes t\u00eb nat\u00ebs. Dhe nga ana tjet\u00ebr automjetet e demolimit t\u00eb k\u00ebtyre pallateve, ishin ata q\u00eb i p\u00ebrkisnin shoq\u00ebris\u00eb \u20185D\u2019. Ne k\u00ebt\u00eb e kemi denoncuar me fakte dhe me prova q\u00eb n\u00eb prill t\u00eb vitit 2023 dhe p\u00ebr interesin tuaj dhe t\u00eb publikut, un\u00eb po paraqes qoft\u00eb kall\u00ebzimin penal&#8230;<\/p>\n<p>Nj\u00eb muaj pas kall\u00ebzimit ton\u00eb, drejtuesi i SPAK, Altin Dumani e ka l\u00ebn\u00eb k\u00ebt\u00eb dosje p\u00ebr kompetenc\u00eb n\u00eb prokurorin\u00eb e Tiran\u00ebs , nd\u00ebrkoh\u00eb pothuaj pas nj\u00eb viti kur kishte shp\u00ebrthyer dosja \u20185D\u2019, prokuroria e Tiran\u00ebs n\u00ebp\u00ebrmjet k\u00ebsaj shprese, n\u00eb korrik t\u00eb 2024-\u00ebs, e rikthen k\u00ebt\u00eb dosje n\u00eb SPAK duke konstatuar se p\u00ebr shkak t\u00eb bashkimit t\u00eb dosjeve, p\u00ebr shkak t\u00eb objektit t\u00eb kall\u00ebzimit dhe subjekteve t\u00eb kall\u00ebzuara nga ne, kjo \u00ebsht\u00eb kompetenc\u00eb e SPAK. Sipas informacioneve t\u00eb brendshme q\u00eb ne kemi, \u00ebsht\u00eb konstatuar nga ana jon\u00eb, se me q\u00ebllim nga ana e Dumanit dhe prokurorit t\u00eb \u00e7\u00ebshtjes, kjo dosje \u00ebsht\u00eb injoruar dhe fshehur, nd\u00ebrkoh\u00eb q\u00eb me prova dhe fakte kjo dosje duhej bashkuar me dosjen \u20185D\u2019, dhe personi kryesor q\u00eb duhej thirrur n\u00eb cil\u00ebsin\u00eb e t\u00eb pandehurit ishte Erion Veliaj.<\/p>\n<p>Pas nj\u00eb viti, vet\u00eb organi i hetimit ka v\u00ebrtetuar ato q\u00eb ne kemi denoncuar, at\u00eb q\u00eb lidhet me skem\u00ebn \u20185D\u2019.<\/p>\n<p>Pra, p\u00ebr ta b\u00ebr\u00eb t\u00eb qart\u00eb, nd\u00ebrkoh\u00eb q\u00eb zyrtari Mariglen Qato drejtonte IMT t\u00eb Tiran\u00ebs, shembjet dhe demolimin e k\u00ebtyre pallateve i b\u00ebnte shoq\u00ebria \u20185D\u2019, e cila ishte n\u00eb pron\u00ebsi t\u00eb drejtor\u00ebve m\u00eb t\u00eb lart\u00eb t\u00eb Bashkis\u00eb Tiran\u00eb\u201d, tha Kalaja.<\/p>\n","protected":false},"excerpt":{"rendered":"<p>Kryetarja e Apelimit n\u00eb PD, Adriana Kalaja ka kall\u00ebzuar n\u00eb SPAK k\u00ebt\u00eb t\u00eb enjte 31 zyrtar\u00eb t\u00eb Bashkis\u00eb s\u00eb Tiran\u00ebs, lidhur me shembjen e pallatit n\u00eb zon\u00ebn e Kombinatit.\u00a0Sipas Kalas\u00eb, veprimet e b\u00ebra nga IMT jan\u00eb b\u00ebr\u00eb n\u00ebp\u00ebrmjet falsifikimit t\u00eb akteve t\u00eb ekspertimit. \u201cN\u00eb pallatet e ndodhura n\u00eb rrug\u00ebn \u2018Myslym Keta\u2019 n\u00eb Kombinat, nga ana &hellip;<\/p>\n","protected":false},"author":4,"featured_media":99941,"comment_status":"closed","ping_status":"closed","sticky":false,"template":"","format":"standard","meta":{"footnotes":""},"categories":[37],"tags":[],"class_list":["post-103553","post","type-post","status-publish","format-standard","has-post-thumbnail","","category-politike"],"_links":{"self":[{"href":"https:\/\/rdnews.al\/index.php\/wp-json\/wp\/v2\/posts\/103553","targetHints":{"allow":["GET"]}}],"collection":[{"href":"https:\/\/rdnews.al\/index.php\/wp-json\/wp\/v2\/posts"}],"about":[{"href":"https:\/\/rdnews.al\/index.php\/wp-json\/wp\/v2\/types\/post"}],"author":[{"embeddable":true,"href":"https:\/\/rdnews.al\/index.php\/wp-json\/wp\/v2\/users\/4"}],"replies":[{"embeddable":true,"href":"https:\/\/rdnews.al\/index.php\/wp-json\/wp\/v2\/comments?post=103553"}],"version-history":[{"count":2,"href":"https:\/\/rdnews.al\/index.php\/wp-json\/wp\/v2\/posts\/103553\/revisions"}],"predecessor-version":[{"id":103555,"href":"https:\/\/rdnews.al\/index.php\/wp-json\/wp\/v2\/posts\/103553\/revisions\/103555"}],"wp:featuredmedia":[{"embeddable":true,"href":"https:\/\/rdnews.al\/index.php\/wp-json\/wp\/v2\/media\/99941"}],"wp:attachment":[{"href":"https:\/\/rdnews.al\/index.php\/wp-json\/wp\/v2\/media?parent=103553"}],"wp:term":[{"taxonomy":"category","embeddable":true,"href":"https:\/\/rdnews.al\/index.php\/wp-json\/wp\/v2\/categories?post=103553"},{"taxonomy":"post_tag","embeddable":true,"href":"https:\/\/rdnews.al\/index.php\/wp-json\/wp\/v2\/tags?post=103553"}],"curies":[{"name":"wp","href":"https:\/\/api.w.org\/{rel}","templated":true}]}}