{"id":103593,"date":"2025-02-06T17:27:31","date_gmt":"2025-02-06T17:27:31","guid":{"rendered":"https:\/\/rdnews.al\/?p=103593"},"modified":"2025-02-06T17:27:31","modified_gmt":"2025-02-06T17:27:31","slug":"revolta-te-moshuarit-nuk-duan-bonuese-elektorale-por-rritje-pensioni","status":"publish","type":"post","link":"https:\/\/rdnews.al\/index.php\/2025\/02\/06\/revolta-te-moshuarit-nuk-duan-bonuese-elektorale-por-rritje-pensioni\/","title":{"rendered":"Revolta\/ T\u00eb moshuarit nuk duan bonuese \u201celektorale\u201d, por rritje pensioni"},"content":{"rendered":"<p>\u201cBonusi elektoral\u201d i pranver\u00ebs, pensionist\u00ebt e vendit, do ta merrnin duke nisur nga fillimi i muajit shkurt. Por, n\u00eb Vlor\u00eb, bonusi ende nuk \u00ebsht\u00eb shp\u00ebrndar\u00eb, teksa pensionist\u00ebt thon\u00eb se nuk kan\u00eb asnj\u00eb informacion.<\/p>\n<p>Megjithat\u00eb, pensionist\u00ebt nuk e shohin zgjidhjen te bonusi, duke k\u00ebrkuar s\u00ebrish rritje t\u00eb pensioneve. Edhe pse shfaqen skeptik\u00eb p\u00ebrsa i p\u00ebrket realizimit t\u00eb reform\u00ebs n\u00eb pensione, ata k\u00ebrkojn\u00eb rritje t\u00eb pensioneve, t\u00eb cilat i cil\u00ebsojn\u00eb qesharake. Sipas tyre, me rritjen e \u00e7mimeve dhe me pensionet q\u00eb marrin, ata e kan\u00eb t\u00eb pamundur p\u00ebrballimin e jetes\u00ebs.<\/p>\n<p>Nd\u00ebrsa pensionist\u00ebt q\u00eb vijn\u00eb nga emigrimi p\u00ebr t\u00eb marr\u00eb pensionin nj\u00eb her\u00eb n\u00eb vit apo \u00e7do gjasht\u00eb muaj, b\u00ebjn\u00eb dhe krahasim me pensionin q\u00eb marrin n\u00eb vendet e Bashkimit Europian. Ata tregojn\u00eb se sa pension marrin andej p\u00ebr nj\u00eb muaj, nd\u00ebrsa n\u00eb Shqip\u00ebri marrin t\u00eb nj\u00ebjt\u00ebn vler\u00eb, por p\u00ebr gjasht\u00eb muaj.<\/p>\n<p>Nuk ka asnj\u00eb informacion se ku do t\u00eb nis shp\u00ebrndarja, pasi Posta e Vlor\u00ebs, si\u00e7 m\u00ebsohet, \u00ebsht\u00eb n\u00eb pritje t\u00eb urdhrit p\u00ebr l\u00ebvrimin e fondit nga Qeveria Shqiptare.<\/p>\n","protected":false},"excerpt":{"rendered":"<p>\u201cBonusi elektoral\u201d i pranver\u00ebs, pensionist\u00ebt e vendit, do ta merrnin duke nisur nga fillimi i muajit shkurt. Por, n\u00eb Vlor\u00eb, bonusi ende nuk \u00ebsht\u00eb shp\u00ebrndar\u00eb, teksa pensionist\u00ebt thon\u00eb se nuk kan\u00eb asnj\u00eb informacion. Megjithat\u00eb, pensionist\u00ebt nuk e shohin zgjidhjen te bonusi, duke k\u00ebrkuar s\u00ebrish rritje t\u00eb pensioneve. Edhe pse shfaqen skeptik\u00eb p\u00ebrsa i p\u00ebrket realizimit &hellip;<\/p>\n","protected":false},"author":4,"featured_media":92962,"comment_status":"closed","ping_status":"closed","sticky":false,"template":"","format":"standard","meta":{"footnotes":""},"categories":[37],"tags":[],"class_list":["post-103593","post","type-post","status-publish","format-standard","has-post-thumbnail","","category-politike"],"_links":{"self":[{"href":"https:\/\/rdnews.al\/index.php\/wp-json\/wp\/v2\/posts\/103593","targetHints":{"allow":["GET"]}}],"collection":[{"href":"https:\/\/rdnews.al\/index.php\/wp-json\/wp\/v2\/posts"}],"about":[{"href":"https:\/\/rdnews.al\/index.php\/wp-json\/wp\/v2\/types\/post"}],"author":[{"embeddable":true,"href":"https:\/\/rdnews.al\/index.php\/wp-json\/wp\/v2\/users\/4"}],"replies":[{"embeddable":true,"href":"https:\/\/rdnews.al\/index.php\/wp-json\/wp\/v2\/comments?post=103593"}],"version-history":[{"count":1,"href":"https:\/\/rdnews.al\/index.php\/wp-json\/wp\/v2\/posts\/103593\/revisions"}],"predecessor-version":[{"id":103594,"href":"https:\/\/rdnews.al\/index.php\/wp-json\/wp\/v2\/posts\/103593\/revisions\/103594"}],"wp:featuredmedia":[{"embeddable":true,"href":"https:\/\/rdnews.al\/index.php\/wp-json\/wp\/v2\/media\/92962"}],"wp:attachment":[{"href":"https:\/\/rdnews.al\/index.php\/wp-json\/wp\/v2\/media?parent=103593"}],"wp:term":[{"taxonomy":"category","embeddable":true,"href":"https:\/\/rdnews.al\/index.php\/wp-json\/wp\/v2\/categories?post=103593"},{"taxonomy":"post_tag","embeddable":true,"href":"https:\/\/rdnews.al\/index.php\/wp-json\/wp\/v2\/tags?post=103593"}],"curies":[{"name":"wp","href":"https:\/\/api.w.org\/{rel}","templated":true}]}}