{"id":103595,"date":"2025-02-06T17:31:08","date_gmt":"2025-02-06T17:31:08","guid":{"rendered":"https:\/\/rdnews.al\/?p=103595"},"modified":"2025-02-06T17:31:08","modified_gmt":"2025-02-06T17:31:08","slug":"paloka-soros-vodhi-miliarda-per-te-mbeshtetur-ramen","status":"publish","type":"post","link":"https:\/\/rdnews.al\/index.php\/2025\/02\/06\/paloka-soros-vodhi-miliarda-per-te-mbeshtetur-ramen\/","title":{"rendered":"Paloka: Soros vodhi miliarda p\u00ebr t\u00eb mb\u00ebshtetur Ram\u00ebn"},"content":{"rendered":"<p>Deputeti i PD, Edi Paloka, foli mbi goditjen e opozit\u00ebs dhe kreut t\u00eb saj, Sali Berisha, nga fondacioni Soros dhe bashk\u00ebpunimi i tij me partin\u00eb e majt\u00eb dhe drejtuesin e saj, Edi Ram\u00ebn.<\/p>\n<p>Paloka u shpreh se, PD dhe sulmi ndaj Sali Berish\u00ebs \u00ebsht\u00eb i ngjash\u00ebm me sulmin e b\u00ebr\u00eb kund\u00ebr presidentit aktual n\u00eb SHBA, Donald Trump.<\/p>\n<p>\u201cKy dokumentar\u00eb \u00ebsht\u00eb nj\u00eb nga aktet q\u00eb po zb\u00ebrthejn\u00eb n\u00eb SHBA lidhur me at\u00eb q\u00eb ka ndodhur n\u00eb administrat\u00ebn e shkuar amerikane dhe me lidhjet e saj me Soros, sigurisht ne na intereson pjesa e vendit ton\u00eb. E cila ka qen\u00eb m\u00eb e goditura opozita shqiptar\u00eb n\u00eb rrafshin global, ka qen\u00eb nj\u00eb nga m\u00eb t\u00eb goditurat prej k\u00ebtij realiteti, prej Soros dhe lidhjeve q\u00eb ka p\u00ebrdorur.<\/p>\n<p>Denoncimet dhe t\u00eb gjith k\u00ebt\u00eb skem\u00eb ne i kemi b\u00ebr\u00eb dhe Berisha i ka b\u00ebr\u00eb q\u00eb para se t\u00eb shpallej nongrata dhe para se t\u00eb fillonin shum histori. Skema \u00ebsht\u00eb ajo q\u00eb funksionon praktikisht n\u00eb t\u00eb gjith\u00eb bot\u00ebn pra Soros funksionon me t\u00eb gjith\u00eb rrjetin e tij t\u00eb asht\u00ebquajtur OJF, OJQ, me t\u00eb gjith\u00eb vendet kryesisht q\u00eb jan\u00eb n\u00eb zhvillim u investuan miliona, miliarda dollar\u00eb p\u00ebr t\u00eb ngritur dhe p\u00ebr t\u00eb mbajtur n\u00eb k\u00ebmb\u00eb nj\u00eb sistem q\u00eb t\u00eb favorizoje jo vet\u00ebm t\u00eb majt\u00ebn. Sepse mbajtja e t\u00eb majt\u00ebs n\u00eb pushtet, apo personazhe si Rama e Veliaj, se Soros k\u00ebto i duhen n\u00eb pushtet, njer\u00ebz pa moral, pa dinjitet pa personalitet, njer\u00ebz q\u00eb shesin cdo gje.<\/p>\n<p>I gjith\u00eb ky rrjet i ngritur funskionon n\u00eb radh\u00eb t\u00eb par\u00eb b\u00ebhet p\u00ebr t\u00eb fituar, nuk fiton miliarda me pun\u00eb dhe i jep p\u00ebr bamir\u00ebsi. Soros njihet si nj\u00eb nga spekullant\u00ebt m\u00eb t\u00eb m\u00ebdhenj q\u00eb ka njohur ky 100 vjecari i fundit n\u00eb financa dhe biznese. T\u00eb gjitha k\u00ebto kan\u00eb nj\u00eb synim, Sorosit ti shtohen milionat dhe kjo ndodh n\u00eb kurriz t\u00eb vendeve t\u00eb varf\u00ebra dhe vendeve si shqip\u00ebria duke p\u00ebrdorur mostra si Rama dhe Veliaj.<\/p>\n<p>E gjith\u00eb kjo skem\u00eb p\u00ebr fat t\u00eb mir\u00eb u shk\u00ebrrmoq, ishte fat fakti q\u00eb cdo m\u00ebnyr\u00eb dhe metod\u00eb, cdo para cdo veprim q\u00eb u krye ndaj opozit\u00ebs shqiptare dhe Sali Berish\u00ebs u p\u00ebrdor dhe ndaj vet\u00eb presidentit Trump. T\u00eb nj\u00ebjtin kalvar kaloi edhe Trump n\u00eb SHBA, gjyqe q\u00eb ngriheshin nga prokuror\u00eb t\u00eb paguar dhe t\u00eb sponsorizuar p\u00ebr tu zgjedhur nga Soros\u201d,\u00a0tha Paloka per Syri tv.<\/p>\n","protected":false},"excerpt":{"rendered":"<p>Deputeti i PD, Edi Paloka, foli mbi goditjen e opozit\u00ebs dhe kreut t\u00eb saj, Sali Berisha, nga fondacioni Soros dhe bashk\u00ebpunimi i tij me partin\u00eb e majt\u00eb dhe drejtuesin e saj, Edi Ram\u00ebn. Paloka u shpreh se, PD dhe sulmi ndaj Sali Berish\u00ebs \u00ebsht\u00eb i ngjash\u00ebm me sulmin e b\u00ebr\u00eb kund\u00ebr presidentit aktual n\u00eb SHBA, &hellip;<\/p>\n","protected":false},"author":4,"featured_media":94443,"comment_status":"closed","ping_status":"closed","sticky":false,"template":"","format":"standard","meta":{"footnotes":""},"categories":[37],"tags":[],"class_list":["post-103595","post","type-post","status-publish","format-standard","has-post-thumbnail","","category-politike"],"_links":{"self":[{"href":"https:\/\/rdnews.al\/index.php\/wp-json\/wp\/v2\/posts\/103595","targetHints":{"allow":["GET"]}}],"collection":[{"href":"https:\/\/rdnews.al\/index.php\/wp-json\/wp\/v2\/posts"}],"about":[{"href":"https:\/\/rdnews.al\/index.php\/wp-json\/wp\/v2\/types\/post"}],"author":[{"embeddable":true,"href":"https:\/\/rdnews.al\/index.php\/wp-json\/wp\/v2\/users\/4"}],"replies":[{"embeddable":true,"href":"https:\/\/rdnews.al\/index.php\/wp-json\/wp\/v2\/comments?post=103595"}],"version-history":[{"count":1,"href":"https:\/\/rdnews.al\/index.php\/wp-json\/wp\/v2\/posts\/103595\/revisions"}],"predecessor-version":[{"id":103596,"href":"https:\/\/rdnews.al\/index.php\/wp-json\/wp\/v2\/posts\/103595\/revisions\/103596"}],"wp:featuredmedia":[{"embeddable":true,"href":"https:\/\/rdnews.al\/index.php\/wp-json\/wp\/v2\/media\/94443"}],"wp:attachment":[{"href":"https:\/\/rdnews.al\/index.php\/wp-json\/wp\/v2\/media?parent=103595"}],"wp:term":[{"taxonomy":"category","embeddable":true,"href":"https:\/\/rdnews.al\/index.php\/wp-json\/wp\/v2\/categories?post=103595"},{"taxonomy":"post_tag","embeddable":true,"href":"https:\/\/rdnews.al\/index.php\/wp-json\/wp\/v2\/tags?post=103595"}],"curies":[{"name":"wp","href":"https:\/\/api.w.org\/{rel}","templated":true}]}}