{"id":103602,"date":"2025-02-06T18:34:15","date_gmt":"2025-02-06T18:34:15","guid":{"rendered":"https:\/\/rdnews.al\/?p=103602"},"modified":"2025-02-06T18:34:15","modified_gmt":"2025-02-06T18:34:15","slug":"gazetari-me-ane-te-fondacionit-te-delina-ficos-soros-ka-privatizuar-dhe-gjyqesorin","status":"publish","type":"post","link":"https:\/\/rdnews.al\/index.php\/2025\/02\/06\/gazetari-me-ane-te-fondacionit-te-delina-ficos-soros-ka-privatizuar-dhe-gjyqesorin\/","title":{"rendered":"Gazetari: Me an\u00eb t\u00eb fondacionit t\u00eb Delina Ficos, Soros ka privatizuar dhe gjyq\u00ebsorin"},"content":{"rendered":"<p>Gazetari Klodian Tomorri deklaron se George Soros, me an\u00eb t\u00eb financimeve t\u00eb dh\u00ebn\u00eb p\u00ebr fondacionin e Delina Ficos, ka privatizuar gjyq\u00ebsorin.<\/p>\n<p>Tomorri thot\u00eb se jan\u00eb p\u00ebrdorur mekanizma ekstraligjor dhe ekstrakushtetues p\u00ebr t\u00eb nd\u00ebrhyr\u00eb n\u00eb vendimet gjyq\u00ebsore t\u00eb Gjykat\u00ebs s\u00eb Lart\u00eb dhe k\u00ebtu ai kishte parasysh ekspert\u00ebt e Institutit p\u00ebr Menaxhim Lindje-Per\u00ebndim, q\u00eb drejtohet nga Delina Fico q\u00eb kan\u00eb nd\u00ebrhyr\u00eb n\u00eb menaxhimin e dosjeve gjyq\u00ebsore n\u00eb Gjykat\u00ebn e Lart\u00eb.<\/p>\n<p>\u201c\u00cbsht\u00eb b\u00ebr\u00eb e qart\u00eb q\u00eb njer\u00ebzit t\u00eb cil\u00ebt b\u00ebn\u00eb reform\u00ebn n\u00eb drejt\u00ebsi, ishin t\u00eb financuar nga Soros. E gjith\u00eb reforma dhe nj\u00eb pjes\u00eb e mir\u00eb e njer\u00ebzve jan\u00eb d\u00ebrguar aty nga parat\u00eb e Soros.<\/p>\n<p>Kan\u00eb arritur deri aty sa t\u00eb fusin duart, me ekspert\u00eb jasht\u00eb sistemi gjyq\u00ebsor, n\u00eb vendimet e gjyq\u00ebsorit t\u00eb Gjykat\u00ebs s\u00eb Lart\u00eb.<\/p>\n<p>\u00cbsht\u00eb privatizim i gjyq\u00ebsorit, sepse merret nj\u00eb grup ekspert\u00ebsh nga jasht\u00eb sistemit, financohet nga nj\u00eb OJF, n\u00eb k\u00ebt\u00eb rast \u00ebsht\u00eb Instituti p\u00ebr Menaxhim Lindje-Per\u00ebndim, i cili ka qen\u00eb nj\u00eb nga kanalet kryesore p\u00ebr t\u00eb sjell\u00eb parat\u00eb e Soros dhe jo vet\u00ebm, p\u00ebr t\u00eb kapur t\u00eb gjitha institucionet e drejt\u00ebsis\u00eb n\u00eb Shqip\u00ebri.<\/p>\n<p>Pra merren k\u00ebta ekspert\u00eb jasht\u00eb sistemit dhe futen n\u00eb Gjykat\u00ebn e Lart\u00eb n\u00eb kuad\u00ebr t\u00eb j\u00eb projekti p\u00ebr reduktimin e stokut t\u00eb dosjeve n\u00eb k\u00ebt\u00eb gjykat\u00eb, sepse jan\u00eb me dhjet\u00ebra mij\u00ebra dosje, q\u00eb pasi u shkat\u00ebrrua i gjith\u00eb sistemi i drejt\u00ebsis\u00eb, u krijuar stoku i famsh\u00ebm.<\/p>\n<p>Tani gjejn\u00eb mekanizma ekstraligjor dhe ekstra Kushtetues p\u00ebr t\u00eb nd\u00ebrhyr\u00eb dhe futur duart.<\/p>\n<p>Roli i tyre mbetet i paqart\u00eb se me \u00e7far\u00eb statusi kan\u00eb qen\u00eb k\u00ebta pran\u00eb gjykatave.<\/p>\n<p>Un\u00eb nuk mendoj se k\u00ebta kan\u00eb qen\u00eb punonj\u00ebs raftesh se p\u00ebr k\u00ebt\u00eb do t\u00eb merreshin marangoz\u00eb apo arkivist\u00eb.<\/p>\n<p>Tani informacione ka q\u00eb k\u00ebta kan\u00eb futur duart edhe n\u00eb zbardhje vendimi, por ne nuk jemi n\u00eb gjendje ta provojm\u00eb sot, se cila ka qen\u00eb puna e tyre n\u00eb k\u00ebt\u00eb gjykat\u00eb.<\/p>\n<p>\u00cbsht\u00eb nj\u00eb skandal i jasht\u00ebzakonsh\u00ebm dhe duhet t\u00eb dalin p\u00ebrgjegj\u00ebsit\u00eb. Defakto ky \u00ebsht\u00eb privatizimi i gjyq\u00ebsorit\u201d,\u00a0tha Tomorri n\u00eb \u201cTask Force\u201d.<\/p>\n","protected":false},"excerpt":{"rendered":"<p>Gazetari Klodian Tomorri deklaron se George Soros, me an\u00eb t\u00eb financimeve t\u00eb dh\u00ebn\u00eb p\u00ebr fondacionin e Delina Ficos, ka privatizuar gjyq\u00ebsorin. Tomorri thot\u00eb se jan\u00eb p\u00ebrdorur mekanizma ekstraligjor dhe ekstrakushtetues p\u00ebr t\u00eb nd\u00ebrhyr\u00eb n\u00eb vendimet gjyq\u00ebsore t\u00eb Gjykat\u00ebs s\u00eb Lart\u00eb dhe k\u00ebtu ai kishte parasysh ekspert\u00ebt e Institutit p\u00ebr Menaxhim Lindje-Per\u00ebndim, q\u00eb drejtohet nga Delina &hellip;<\/p>\n","protected":false},"author":4,"featured_media":19853,"comment_status":"closed","ping_status":"closed","sticky":false,"template":"","format":"standard","meta":{"footnotes":""},"categories":[37],"tags":[],"class_list":["post-103602","post","type-post","status-publish","format-standard","has-post-thumbnail","","category-politike"],"_links":{"self":[{"href":"https:\/\/rdnews.al\/index.php\/wp-json\/wp\/v2\/posts\/103602","targetHints":{"allow":["GET"]}}],"collection":[{"href":"https:\/\/rdnews.al\/index.php\/wp-json\/wp\/v2\/posts"}],"about":[{"href":"https:\/\/rdnews.al\/index.php\/wp-json\/wp\/v2\/types\/post"}],"author":[{"embeddable":true,"href":"https:\/\/rdnews.al\/index.php\/wp-json\/wp\/v2\/users\/4"}],"replies":[{"embeddable":true,"href":"https:\/\/rdnews.al\/index.php\/wp-json\/wp\/v2\/comments?post=103602"}],"version-history":[{"count":1,"href":"https:\/\/rdnews.al\/index.php\/wp-json\/wp\/v2\/posts\/103602\/revisions"}],"predecessor-version":[{"id":103603,"href":"https:\/\/rdnews.al\/index.php\/wp-json\/wp\/v2\/posts\/103602\/revisions\/103603"}],"wp:featuredmedia":[{"embeddable":true,"href":"https:\/\/rdnews.al\/index.php\/wp-json\/wp\/v2\/media\/19853"}],"wp:attachment":[{"href":"https:\/\/rdnews.al\/index.php\/wp-json\/wp\/v2\/media?parent=103602"}],"wp:term":[{"taxonomy":"category","embeddable":true,"href":"https:\/\/rdnews.al\/index.php\/wp-json\/wp\/v2\/categories?post=103602"},{"taxonomy":"post_tag","embeddable":true,"href":"https:\/\/rdnews.al\/index.php\/wp-json\/wp\/v2\/tags?post=103602"}],"curies":[{"name":"wp","href":"https:\/\/api.w.org\/{rel}","templated":true}]}}