{"id":103737,"date":"2025-02-07T21:05:23","date_gmt":"2025-02-07T21:05:23","guid":{"rendered":"https:\/\/rdnews.al\/?p=103737"},"modified":"2025-02-07T21:05:50","modified_gmt":"2025-02-07T21:05:50","slug":"gjermanet-me-berishen","status":"publish","type":"post","link":"https:\/\/rdnews.al\/index.php\/2025\/02\/07\/gjermanet-me-berishen\/","title":{"rendered":"Gjerman\u00ebt me Berish\u00ebn"},"content":{"rendered":"<p>Kryetari i Partis\u00eb Demokratike, Prof. Dr. Sali Berisha ka pritur n\u00eb ambientet e selis\u00eb k\u00ebt\u00eb t\u00eb enjte nj\u00eb delegacion prej 19 deputet\u00ebsh gjerman\u00eb nga landi i Saksonis\u00eb drejtuar nga Deputeti Jan L\u00f6dfler, Zv. President i Forumit Parlamentar p\u00ebr Europ\u00ebn Qendrore dhe Lindore.<\/p>\n<p>Pas ftes\u00ebs p\u00ebr t\u00eb marr\u00eb pjes\u00eb n\u00eb Kongresin e 37-t\u00eb t\u00eb CDU-s\u00eb gjermane n\u00eb Berlin, kjo vizit\u00eb parlamentare d\u00ebshmon interesin e lart\u00eb q\u00eb shteti Gjerman i jep situat\u00ebs politike n\u00eb vendin ton\u00eb.<\/p>\n<p>Duke i shprehur mbi t\u00eb gjitha mir\u00ebnjohjen m\u00eb t\u00eb thell\u00eb p\u00ebr ndihm\u00ebn e jasht\u00ebzakonshme q\u00eb taksapaguesit gjerman\u00eb i kan\u00eb ofruar Shqip\u00ebris\u00eb n\u00ebp\u00ebrmjet financimit t\u00eb qindra e qindra projekteve zhvillimore nd\u00ebr vite, kryetari i Partis\u00eb Demokratike, Prof. Dr. Sali Berisha ka informuar delegacionin e deputeteve mbi kriz\u00ebn e thell\u00eb demokratike q\u00eb kalon Shqip\u00ebria sot.<\/p>\n<p>Gjat\u00eb k\u00ebtij takimi \u00ebsht\u00eb biseduar dhe mbi nd\u00ebrtimin e t\u00eb vetmit narko-shtet n\u00eb Europ\u00eb, korruptimin e policis\u00eb dhe r\u00ebnien e sistemit gjyq\u00ebsor, presionin kriminal t\u00eb patronazhist\u00ebve dhe narko-eurove ndaj votueseve shqiptar\u00eb, persekutimin e opozit\u00ebs, mega-vjedhjet dhe paprekshm\u00ebrin\u00eb e kudondodhur.<\/p>\n<p>Nj\u00eb kriz\u00eb unike kjo n\u00eb kontinent q\u00eb prek kufijt\u00eb e t\u00eb pabesueshmes por q\u00eb faktohet m\u00eb s\u00eb miri nga eksodi masiv tragjik i shqiptar\u00ebve gjat\u00eb 10 viteve t\u00eb fundit, n\u00eb ve\u00e7anti drejt Gjermanis\u00eb, me nj\u00eb shif\u00ebr q\u00eb i tejkalon 1 milion bashk\u00ebkomb\u00ebs t\u00eb larguar, ose m\u00eb shum\u00eb se 30% e popullat\u00ebs.<\/p>\n<p>Interesit t\u00eb deputet\u00ebve gjerman\u00eb mbi sistemin e drejt\u00ebsis\u00eb shqiptare, kryetari i Partis\u00eb Demokratike u p\u00ebrgjigj duke shpalosur nj\u00eb historik t\u00eb m\u00ebnyr\u00ebs okulte sesi reforma n\u00eb drejt\u00ebsi u projektua nga fondacioni Soros dhe sesi kjo reform\u00eb e kapur tanim\u00eb, rezultoi n\u00eb arrestimin dhe goditjen e nj\u00ebpasnj\u00ebshme t\u00eb liderave dhe t\u00eb zgjedhurve t\u00eb opozit\u00ebs shqiptare. Nd\u00ebrkoh\u00eb n\u00eb paralel, reforma mbron familjar\u00ebt e pushtetar\u00ebve socialist\u00eb duke i l\u00ebn\u00eb t\u00eb lir\u00eb sipas shembullit t\u00eb Olsi Ram\u00ebs pavar\u00ebsisht hetimit nd\u00ebrkomb\u00ebtar nisur n\u00eb Hanov\u00ebr t\u00eb Gjermanis\u00eb.<\/p>\n<p>Reforma e drejt\u00ebsis\u00eb e ka \u00e7\u2019b\u00ebr\u00eb totalisht sistemin e drejt\u00ebsis\u00eb n\u00eb ve\u00e7anti p\u00ebr qytetar\u00ebt shqiptar\u00eb duke mbledhur nj\u00eb stok prej 150.000 dosjesh q\u00eb k\u00ebrkojn\u00eb 20 vite p\u00ebr t\u2019u trajtuar.<\/p>\n<p>N\u00eb k\u00ebt\u00eb takim kryetari i PD, Prof. Dr. Sali Berisha theksoi gatishm\u00ebrin\u00eb e Partis\u00eb Demokratike p\u00ebr t\u00eb adresuar reform\u00ebn n\u00eb drejt\u00ebsi ashtu si modelin qeveris\u00ebs sipas praktikave m\u00eb t\u00eb mira europiane. Berisha fal\u00ebnderoi Fondacionin e CDU-s\u00eb gjermane, Konrad Adenauer p\u00ebr t\u00eb gjith\u00eb mb\u00ebshtetjen e vyer t\u00eb ofruar n\u00eb hartimin e programit qeveris\u00ebs n\u00eb kuad\u00ebr t\u00eb zgjedhjeve parlamentare t\u00eb 11 majit.<\/p>\n","protected":false},"excerpt":{"rendered":"<p>Kryetari i Partis\u00eb Demokratike, Prof. Dr. Sali Berisha ka pritur n\u00eb ambientet e selis\u00eb k\u00ebt\u00eb t\u00eb enjte nj\u00eb delegacion prej 19 deputet\u00ebsh gjerman\u00eb nga landi i Saksonis\u00eb drejtuar nga Deputeti Jan L\u00f6dfler, Zv. President i Forumit Parlamentar p\u00ebr Europ\u00ebn Qendrore dhe Lindore. Pas ftes\u00ebs p\u00ebr t\u00eb marr\u00eb pjes\u00eb n\u00eb Kongresin e 37-t\u00eb t\u00eb CDU-s\u00eb gjermane &hellip;<\/p>\n","protected":false},"author":3,"featured_media":103739,"comment_status":"closed","ping_status":"closed","sticky":false,"template":"","format":"standard","meta":{"footnotes":""},"categories":[37],"tags":[],"class_list":["post-103737","post","type-post","status-publish","format-standard","has-post-thumbnail","","category-politike"],"_links":{"self":[{"href":"https:\/\/rdnews.al\/index.php\/wp-json\/wp\/v2\/posts\/103737","targetHints":{"allow":["GET"]}}],"collection":[{"href":"https:\/\/rdnews.al\/index.php\/wp-json\/wp\/v2\/posts"}],"about":[{"href":"https:\/\/rdnews.al\/index.php\/wp-json\/wp\/v2\/types\/post"}],"author":[{"embeddable":true,"href":"https:\/\/rdnews.al\/index.php\/wp-json\/wp\/v2\/users\/3"}],"replies":[{"embeddable":true,"href":"https:\/\/rdnews.al\/index.php\/wp-json\/wp\/v2\/comments?post=103737"}],"version-history":[{"count":1,"href":"https:\/\/rdnews.al\/index.php\/wp-json\/wp\/v2\/posts\/103737\/revisions"}],"predecessor-version":[{"id":103738,"href":"https:\/\/rdnews.al\/index.php\/wp-json\/wp\/v2\/posts\/103737\/revisions\/103738"}],"wp:featuredmedia":[{"embeddable":true,"href":"https:\/\/rdnews.al\/index.php\/wp-json\/wp\/v2\/media\/103739"}],"wp:attachment":[{"href":"https:\/\/rdnews.al\/index.php\/wp-json\/wp\/v2\/media?parent=103737"}],"wp:term":[{"taxonomy":"category","embeddable":true,"href":"https:\/\/rdnews.al\/index.php\/wp-json\/wp\/v2\/categories?post=103737"},{"taxonomy":"post_tag","embeddable":true,"href":"https:\/\/rdnews.al\/index.php\/wp-json\/wp\/v2\/tags?post=103737"}],"curies":[{"name":"wp","href":"https:\/\/api.w.org\/{rel}","templated":true}]}}