{"id":103888,"date":"2025-02-09T12:55:09","date_gmt":"2025-02-09T12:55:09","guid":{"rendered":"https:\/\/rdnews.al\/?p=103888"},"modified":"2025-02-09T12:55:09","modified_gmt":"2025-02-09T12:55:09","slug":"pritje-madheshtore-berishes-ne-rome-nga-te-debuarit-e-regjimit","status":"publish","type":"post","link":"https:\/\/rdnews.al\/index.php\/2025\/02\/09\/pritje-madheshtore-berishes-ne-rome-nga-te-debuarit-e-regjimit\/","title":{"rendered":"Pritje madh\u00ebshtore Berish\u00ebs n\u00eb Rom\u00eb nga t\u00eb d\u00ebbuarit e regjimit"},"content":{"rendered":"<p>Pritje madh\u00ebshtore Berish\u00ebs n\u00eb Rom\u00eb ngs t\u00eb d\u00ebbuarit nga regjimi,<\/p>\n<p>Ka nisur takimi i kreut t\u00eb PD Sali Berisha me shqiptar\u00eb t\u00eb cil\u00ebt jetojn\u00eb n\u00eb Rom\u00eb.<\/p>\n<p>Berisha \u00ebsht\u00eb pritur me ovacione nga demokrat\u00ebt.<\/p>\n","protected":false},"excerpt":{"rendered":"<p>Pritje madh\u00ebshtore Berish\u00ebs n\u00eb Rom\u00eb ngs t\u00eb d\u00ebbuarit nga regjimi, Ka nisur takimi i kreut t\u00eb PD Sali Berisha me shqiptar\u00eb t\u00eb cil\u00ebt jetojn\u00eb n\u00eb Rom\u00eb. Berisha \u00ebsht\u00eb pritur me ovacione nga demokrat\u00ebt.<\/p>\n","protected":false},"author":3,"featured_media":103889,"comment_status":"closed","ping_status":"closed","sticky":false,"template":"","format":"standard","meta":{"footnotes":""},"categories":[37],"tags":[],"class_list":["post-103888","post","type-post","status-publish","format-standard","has-post-thumbnail","","category-politike"],"_links":{"self":[{"href":"https:\/\/rdnews.al\/index.php\/wp-json\/wp\/v2\/posts\/103888","targetHints":{"allow":["GET"]}}],"collection":[{"href":"https:\/\/rdnews.al\/index.php\/wp-json\/wp\/v2\/posts"}],"about":[{"href":"https:\/\/rdnews.al\/index.php\/wp-json\/wp\/v2\/types\/post"}],"author":[{"embeddable":true,"href":"https:\/\/rdnews.al\/index.php\/wp-json\/wp\/v2\/users\/3"}],"replies":[{"embeddable":true,"href":"https:\/\/rdnews.al\/index.php\/wp-json\/wp\/v2\/comments?post=103888"}],"version-history":[{"count":1,"href":"https:\/\/rdnews.al\/index.php\/wp-json\/wp\/v2\/posts\/103888\/revisions"}],"predecessor-version":[{"id":103890,"href":"https:\/\/rdnews.al\/index.php\/wp-json\/wp\/v2\/posts\/103888\/revisions\/103890"}],"wp:featuredmedia":[{"embeddable":true,"href":"https:\/\/rdnews.al\/index.php\/wp-json\/wp\/v2\/media\/103889"}],"wp:attachment":[{"href":"https:\/\/rdnews.al\/index.php\/wp-json\/wp\/v2\/media?parent=103888"}],"wp:term":[{"taxonomy":"category","embeddable":true,"href":"https:\/\/rdnews.al\/index.php\/wp-json\/wp\/v2\/categories?post=103888"},{"taxonomy":"post_tag","embeddable":true,"href":"https:\/\/rdnews.al\/index.php\/wp-json\/wp\/v2\/tags?post=103888"}],"curies":[{"name":"wp","href":"https:\/\/api.w.org\/{rel}","templated":true}]}}