{"id":103897,"date":"2025-02-09T14:05:42","date_gmt":"2025-02-09T14:05:42","guid":{"rendered":"https:\/\/rdnews.al\/?p=103897"},"modified":"2025-02-09T14:06:38","modified_gmt":"2025-02-09T14:06:38","slug":"gjekmarkaj-perdoreni-voten-tuaj-eshte-arma-me-e-forte-per-nje-shqiperi-demokratike","status":"publish","type":"post","link":"https:\/\/rdnews.al\/index.php\/2025\/02\/09\/gjekmarkaj-perdoreni-voten-tuaj-eshte-arma-me-e-forte-per-nje-shqiperi-demokratike\/","title":{"rendered":"Takimi n\u00eb Rom\u00eb\/ Gjekmarkaj: Vota juaj \u00ebsht\u00eb arma m\u00eb e fort\u00eb p\u00ebr nj\u00eb Shqip\u00ebri demokratike!"},"content":{"rendered":"<p>N\u00ebnkryetari i PD, Agron Gjekmarkaj, ndodhet s\u00ebbashku me kryetarin e PD-s\u00eb, Sali Berisha n\u00eb Rom\u00eb, ku po zhvillohet takimi me Shqiptar\u00ebt e diaspor\u00ebs ku u b\u00ebri thirrje qytetar\u00ebve t\u00eb p\u00ebrdorim vot\u00ebn e tyre si arm\u00ebn m\u00eb t\u00eb fort\u00eb kund\u00ebr Edi Ram\u00ebs p\u00ebr t\u00eb garantuar nj\u00eb Shqip\u00ebri demokratike, me ligje dhe t\u00eb sigurt.<\/p>\n<p>Gjekmarkaj cil\u00ebsoi se 11 Maji \u00ebsht\u00eb nj\u00eb dit\u00eb kritike ku do t\u00eb vendoset fati i Shqiptar\u00ebve kudo ndodhen dhe se \u00ebsht\u00eb momenti p\u00ebr ta d\u00ebbuar Ram\u00ebn, qeverin\u00eb e grabitjeve, skandaleve nga pushteti e p\u00ebr t\u00eb kthyer Shqiptar\u00ebt \u00a0n\u00eb vendin e tyre.<\/p>\n<p><strong>Fjalimi i plot\u00eb<\/strong><\/p>\n<p>I nderuar Prof Dr Sali Berisha<\/p>\n<p>Kryetar i PD dhe Kryeminist\u00ebr i legjislatur\u00ebs se re<\/p>\n<p>Te nderuar deputet e miq italian t\u00eb Forca Italias<\/p>\n<p>T\u00eb dashur bashkatdhetar\u00eb q\u00eb sot po b\u00ebni historin\u00eb!<\/p>\n<p>Ju jeni Atdheu i cili gjen shpres\u00ebn n\u00eb \u00e7do thirrje dhe veprim tuajin!<\/p>\n<p>Ju jeni Atdheu i cili shp\u00ebtimin e s\u00eb ardhmes s\u00eb tij tek \u00e7do vot\u00eb e juaja e sheh!<\/p>\n<p>Ju jeni malli dhe krenaria qe nuk shuhen kurr\u00eb!<\/p>\n<p>Ne jemi mbledhur k\u00ebtu n\u00eb vendin e dashur mik, n\u00eb Italin\u00eb e vlerave t\u00eb m\u00ebdha, n\u00eb ADN- n\u00eb e qytet\u00ebrimit europian, n\u00eb vendin e perandor\u00ebve, poet\u00ebve, shenjtor\u00ebve, n\u00eb token pjellore t\u00eb mendjes, t\u00eb dijes e t\u00eb pun\u00ebs,n\u00eb Rom\u00ebn e p\u00ebrjetshme, n\u00eb k\u00ebt\u00eb takim madh\u00ebshtor simbol i zemr\u00ebs, shqiptare qe rreh me fuqi mitologjike, n\u00eb k\u00ebt\u00eb bashk\u00ebbisedim prelud i Fitores!<\/p>\n<p>Sot kjo sall\u00eb \u00ebsht\u00eb nj\u00eb fole shqiponjash !<\/p>\n<p>Sali Berisha \u00ebsht\u00eb sot ketu mes jush p\u00ebr t\u00eb bashk\u00ebndar\u00eb projektin e madh komb\u00ebtar t\u00eb ringritjes s\u00eb Shqip\u00ebris\u00eb, vet\u00eb modernitetin e saj, p\u00ebr t\u00eb firmosur kontrat\u00ebn me shqiptaret kudo q\u00eb jan\u00eb p\u00ebr nj\u00eb Shqip\u00ebri q\u00eb rikthehet n\u00ebn\u00eb, qe ju fton e nuk ju d\u00ebbon q\u00eb p\u00ebrmbyll \u00ebndrr\u00ebn europiane jo vet\u00ebm t\u00eb integrimit por edhe t\u00eb mir\u00ebqenies, ligjit e siguris\u00eb!<\/p>\n<p>Qeveria e m\u00ebkateve, qeveria e veseve, qeveria skandaleve, qeveria e Edi Rames ka d\u00ebbuar popullin! N\u00eb \u00e7do vend tjet\u00ebr nuk ik\u00ebn populli por qeveria! Shqiptaret do t\u00eb kthehen dhe Edi Rama do t\u00eb ik\u00eb!<\/p>\n<p>Zgjedhjet e 11 majit jan\u00eb nj\u00eb moment kritik p\u00ebr t\u00eb ardhmen e Shqip\u00ebris\u00eb.<\/p>\n<p>Ato nuk jan\u00eb thjesht nj\u00eb votim, por nj\u00eb akt historik p\u00ebr t\u00eb sjell\u00eb ndryshim t\u00eb v\u00ebrtet\u00eb, p\u00ebr t\u00eb ndalur shkretimim dhe grabitjen, degradimin e banalitetin e se keqes!<\/p>\n<p>Nj\u00eb e ardhme e ndershme dhe e drejt\u00eb p\u00ebr \u00e7do shqiptar varet nga fati i asaj dite!<\/p>\n<p>Z\u00ebri juaj \u00ebsht\u00eb i fuqish\u00ebm dhe vendimtar, sepse ju shikoni Shqip\u00ebrin\u00eb nga larg, por me dashurin\u00eb dhe p\u00ebrkushtimin q\u00eb vet\u00ebm nj\u00eb shqiptar mund t\u00eb ket\u00eb p\u00ebr atdheun e tij.<\/p>\n<p>Kjo dashuri do ta mund\u00eb urrejtjen, kjo dashuri fari p\u00ebr te ndri\u00e7uar rrug\u00ebn drejt horizontit q\u00eb kemi humbur!<\/p>\n<p>Un\u00eb ju b\u00ebj thirrje sot: p\u00ebrdoreni fuqin\u00eb e vot\u00ebs tuaj! Vota juaj \u00ebsht\u00eb arma m\u00eb e fort\u00eb p\u00ebr t\u00eb garantuar nj\u00eb Shqip\u00ebri demokratike, nj\u00eb vend ku sundon ligji dhe jo korrupsioni, nj\u00eb vend q\u00eb meriton t\u00eb jet\u00eb sht\u00ebpia e t\u00eb gjith\u00ebve, brenda dhe jasht\u00eb kufijve t\u00eb tij.<\/p>\n<p>Me vot\u00ebn tuaj ju e fuqizoni moton e Naim Frasherit \u201cTi Shqip\u00ebri me jep nder me jep emrin shqiptar\u201d!<\/p>\n<p>Ju fal\u00ebnderoj nga zemra p\u00ebr p\u00ebrkushtimin tuaj dhe ju siguroj q\u00eb z\u00ebri dhe vota juaj per PD-n\u00eb nuk do t\u00eb jen\u00eb kurr\u00eb t\u00eb harruara. Shqip\u00ebria juaj ju pret, dhe ajo ka nevoj\u00eb p\u00ebr ju!<\/p>\n<p>Rroft\u00eb Shqip\u00ebria<\/p>\n<p>Zoti ju bekoft\u00eb<\/p>\n","protected":false},"excerpt":{"rendered":"<p>N\u00ebnkryetari i PD, Agron Gjekmarkaj, ndodhet s\u00ebbashku me kryetarin e PD-s\u00eb, Sali Berisha n\u00eb Rom\u00eb, ku po zhvillohet takimi me Shqiptar\u00ebt e diaspor\u00ebs ku u b\u00ebri thirrje qytetar\u00ebve t\u00eb p\u00ebrdorim vot\u00ebn e tyre si arm\u00ebn m\u00eb t\u00eb fort\u00eb kund\u00ebr Edi Ram\u00ebs p\u00ebr t\u00eb garantuar nj\u00eb Shqip\u00ebri demokratike, me ligje dhe t\u00eb sigurt. Gjekmarkaj cil\u00ebsoi se &hellip;<\/p>\n","protected":false},"author":4,"featured_media":103898,"comment_status":"closed","ping_status":"closed","sticky":false,"template":"","format":"standard","meta":{"footnotes":""},"categories":[37],"tags":[],"class_list":["post-103897","post","type-post","status-publish","format-standard","has-post-thumbnail","","category-politike"],"_links":{"self":[{"href":"https:\/\/rdnews.al\/index.php\/wp-json\/wp\/v2\/posts\/103897","targetHints":{"allow":["GET"]}}],"collection":[{"href":"https:\/\/rdnews.al\/index.php\/wp-json\/wp\/v2\/posts"}],"about":[{"href":"https:\/\/rdnews.al\/index.php\/wp-json\/wp\/v2\/types\/post"}],"author":[{"embeddable":true,"href":"https:\/\/rdnews.al\/index.php\/wp-json\/wp\/v2\/users\/4"}],"replies":[{"embeddable":true,"href":"https:\/\/rdnews.al\/index.php\/wp-json\/wp\/v2\/comments?post=103897"}],"version-history":[{"count":2,"href":"https:\/\/rdnews.al\/index.php\/wp-json\/wp\/v2\/posts\/103897\/revisions"}],"predecessor-version":[{"id":103900,"href":"https:\/\/rdnews.al\/index.php\/wp-json\/wp\/v2\/posts\/103897\/revisions\/103900"}],"wp:featuredmedia":[{"embeddable":true,"href":"https:\/\/rdnews.al\/index.php\/wp-json\/wp\/v2\/media\/103898"}],"wp:attachment":[{"href":"https:\/\/rdnews.al\/index.php\/wp-json\/wp\/v2\/media?parent=103897"}],"wp:term":[{"taxonomy":"category","embeddable":true,"href":"https:\/\/rdnews.al\/index.php\/wp-json\/wp\/v2\/categories?post=103897"},{"taxonomy":"post_tag","embeddable":true,"href":"https:\/\/rdnews.al\/index.php\/wp-json\/wp\/v2\/tags?post=103897"}],"curies":[{"name":"wp","href":"https:\/\/api.w.org\/{rel}","templated":true}]}}