{"id":103907,"date":"2025-02-09T14:16:45","date_gmt":"2025-02-09T14:16:45","guid":{"rendered":"https:\/\/rdnews.al\/?p=103907"},"modified":"2025-02-09T14:16:45","modified_gmt":"2025-02-09T14:16:45","slug":"berisha-ne-rome-rama-si-toto-rina-ia-ka-dorezuar-shqiperine-krimit","status":"publish","type":"post","link":"https:\/\/rdnews.al\/index.php\/2025\/02\/09\/berisha-ne-rome-rama-si-toto-rina-ia-ka-dorezuar-shqiperine-krimit\/","title":{"rendered":"Berisha n\u00eb Rom\u00eb: Rama si Toto Rina ia ka dor\u00ebzuar Shqip\u00ebrin\u00eb krimit!"},"content":{"rendered":"<p>Kryetari i PD, Sali Berisha gjat\u00eb fjal\u00ebs s\u00eb tij n\u00eb takimin madh\u00ebshtor n\u00eb Rom\u00eb ka akuzuar Edi Ram\u00ebn se, \u00ebsht\u00eb nj\u00eb Toto Rina, i cili ja ka dor\u00ebzuar Shqip\u00ebrin\u00eb krimit.<\/p>\n<p>Sipas liderit t\u00eb opozit\u00ebs, vendi yn\u00eb \u00ebsht\u00eb n\u00eb rreziqe ekzistenciale, prandaj Shqip\u00ebria ka nevoj\u00eb p\u00ebr shqiptar\u00ebt kudo q\u00eb ndodhen, t\u00eb votojn\u00eb n\u00eb 11 maj.<\/p>\n<p>\u201cMiqt\u00eb e mi, k\u00ebtu n\u00eb Rom\u00eb \u00ebsht\u00eb selia e aleatit m\u00eb t\u00eb vjet\u00ebr t\u00eb kombit shqiptar dhe ky aleat \u00ebsht\u00eb Vatikani.<\/p>\n<p>Me k\u00ebt\u00eb rast dua t\u00eb shpreh mir\u00ebnjohjen m\u00eb t\u00eb pakufishme Vatikanit, Atit t\u00eb Shenjt\u00eb p\u00ebr mb\u00ebshtetjen e \u00e7muar q\u00eb Selia e Shenjt\u00eb ne shekuj dhe personalisht shenjt\u00ebria e tij i kan\u00eb dh\u00ebn\u00eb dhe i japin kombit shqiptar.<\/p>\n<p>T\u00eb dashur miq, udh\u00ebtimi drejt diaspor\u00ebs dhe emigracionit \u00ebsht\u00eb n\u00eb thell\u00ebsin\u00eb e tij nj\u00eb thell\u00ebsi drejt dhimbjes, drejt sakrific\u00ebs, drejt mallit, udh\u00ebtim drejt atyre q\u00eb e nis\u00ebn jet\u00ebn\u00a0 e tyre n\u00ebn zero.<\/p>\n<p>Udh\u00ebtim drejt atyre q\u00eb u ndan\u00eb me lot me n\u00ebn\u00ebn e tyre, me prind\u00ebrit e tyre, t\u00eb pasigurt n\u00ebse do i gjenin ndonj\u00ebher\u00eb tjet\u00ebr.<\/p>\n<p>Udh\u00ebtim drejt atyre t\u00eb cil\u00ebt nuk kuptonin nj\u00eb fjal\u00eb t\u00eb vetme nga gjuha e vendit ku shkonin.<\/p>\n<p>Udh\u00ebtim q\u00eb i detyronte ata, i p\u00ebrballte ata me t\u00eb panjohura t\u00eb m\u00ebdha.<\/p>\n<p>Por ky udh\u00ebtim \u00ebsht\u00eb nj\u00ebkoh\u00ebsisht udh\u00ebtim i njer\u00ebzve q\u00eb triumfojn\u00eb, udh\u00ebtim i atyre q\u00eb mposhtin \u00e7do v\u00ebshtir\u00ebsi.<\/p>\n<p>Udh\u00ebtim q\u00eb me djers\u00ebn e tyre nd\u00ebrtojn\u00eb nj\u00eb jet\u00eb t\u00eb t\u00ebr\u00eb.<\/p>\n<p>Udh\u00ebtim q\u00eb me djers\u00ebn e tyre kontribuojn\u00eb n\u00eb vendin e tyre.<\/p>\n<p>Ndaj dhe un\u00eb kam ardhur sot t\u00eb p\u00ebrulem me nderim t\u00eb madh para jush. Ju jeni frym\u00ebzim p\u00ebr arritjet e njeriut.<\/p>\n<p>Ju sot shk\u00eblqeni n\u00eb t\u00eb gjitha fushat e k\u00ebtij vendi t\u00eb bekuar.<\/p>\n<p>Por kam ardhur gjithashtu besimplot\u00eb tek ju p\u00ebr t\u00eb ndar\u00eb me ju rreziqet e m\u00ebdha me t\u00eb cilat p\u00ebrballet vendi yn\u00eb i dashur, Shqip\u00ebria.<\/p>\n<p>Kam ardhur tek ju i bindur se \u00e7do shqiptar patriot i lindin n\u00ebnast p\u00ebr t\u00eb dashur Shqip\u00ebrin\u00eb.<\/p>\n<p>Kam ardhur me bindjen e plot\u00eb se \u00e7do shqiptar i lindin n\u00ebnat p\u00ebr t\u2019i dal\u00eb zot Shqip\u00ebris\u00eb.<\/p>\n<p>Miqt\u00eb e mi, sot n\u00eb zyr\u00ebn e kryeministrit nuk \u00ebsht\u00eb nj\u00eb qeveritar nuk \u00ebsht\u00eb nj\u00eb qytetar shqiptar.<\/p>\n<p>Miqt\u00eb e mi, sot kryetari i qeveris\u00eb mund t\u00eb quhej n\u00eb m\u00ebnyr\u00eb absolute Toto Rino, \u00e7far\u00eb t\u00eb doni ju. Ky \u00ebsht\u00eb Edi Rama.<\/p>\n<p>Edi Rama ia ka dor\u00ebzuar Shqip\u00ebrin\u00eb krimit n\u00eb tradit\u00ebn e baballar\u00ebve t\u00eb tij, t\u00eb cil\u00ebt krimin politik, varjen n\u00eb litar, ekzekutimin para skuadrave t\u00eb pushkatimit e quanin t\u00eb dobish\u00ebm.<\/p>\n<p>Edi Rama p\u00ebrdor sot krimin p\u00ebr t\u00eb mposhtur shqiptar\u00ebt sot p\u00ebr pushtetin e tij.<\/p>\n<p>Sot Toto Rinat shqiptar\u00eb apo El \u00c7apot shqiptar\u00eb n\u00eb krye t\u00eb qeveri\u00eb shum\u00ebzojn\u00eb me zero qytetar\u00ebt shqiptar\u00eb.<\/p>\n<p>Pronat dhe \u00e7do pasuri p\u00ebrrallore e ndan me trafikant\u00ebt, e ndan me kriminel\u00ebt, e ndan me klanet e tij.<\/p>\n<p>Miqt\u00eb e mi, rreziqet e sotme t\u00eb Shqip\u00ebris\u00eb jan\u00eb rreziqe ekzistenciale.<\/p>\n<p>Shqip\u00ebria gjithmon\u00eb ka pasur rreziqe, por k\u00ebt\u00eb her\u00eb t\u00eb gjitha rreziqet jan\u00eb mish\u00ebruar n\u00eb nj\u00eb njeri dhe ky njeri \u00ebsht\u00eb El \u00c7apo shqiptar apo Toto Rino shqiptar\u201d, u shpreh Berisha.<\/p>\n","protected":false},"excerpt":{"rendered":"<p>Kryetari i PD, Sali Berisha gjat\u00eb fjal\u00ebs s\u00eb tij n\u00eb takimin madh\u00ebshtor n\u00eb Rom\u00eb ka akuzuar Edi Ram\u00ebn se, \u00ebsht\u00eb nj\u00eb Toto Rina, i cili ja ka dor\u00ebzuar Shqip\u00ebrin\u00eb krimit. Sipas liderit t\u00eb opozit\u00ebs, vendi yn\u00eb \u00ebsht\u00eb n\u00eb rreziqe ekzistenciale, prandaj Shqip\u00ebria ka nevoj\u00eb p\u00ebr shqiptar\u00ebt kudo q\u00eb ndodhen, t\u00eb votojn\u00eb n\u00eb 11 maj. \u201cMiqt\u00eb &hellip;<\/p>\n","protected":false},"author":4,"featured_media":103908,"comment_status":"closed","ping_status":"closed","sticky":false,"template":"","format":"standard","meta":{"footnotes":""},"categories":[37],"tags":[],"class_list":["post-103907","post","type-post","status-publish","format-standard","has-post-thumbnail","","category-politike"],"_links":{"self":[{"href":"https:\/\/rdnews.al\/index.php\/wp-json\/wp\/v2\/posts\/103907","targetHints":{"allow":["GET"]}}],"collection":[{"href":"https:\/\/rdnews.al\/index.php\/wp-json\/wp\/v2\/posts"}],"about":[{"href":"https:\/\/rdnews.al\/index.php\/wp-json\/wp\/v2\/types\/post"}],"author":[{"embeddable":true,"href":"https:\/\/rdnews.al\/index.php\/wp-json\/wp\/v2\/users\/4"}],"replies":[{"embeddable":true,"href":"https:\/\/rdnews.al\/index.php\/wp-json\/wp\/v2\/comments?post=103907"}],"version-history":[{"count":1,"href":"https:\/\/rdnews.al\/index.php\/wp-json\/wp\/v2\/posts\/103907\/revisions"}],"predecessor-version":[{"id":103909,"href":"https:\/\/rdnews.al\/index.php\/wp-json\/wp\/v2\/posts\/103907\/revisions\/103909"}],"wp:featuredmedia":[{"embeddable":true,"href":"https:\/\/rdnews.al\/index.php\/wp-json\/wp\/v2\/media\/103908"}],"wp:attachment":[{"href":"https:\/\/rdnews.al\/index.php\/wp-json\/wp\/v2\/media?parent=103907"}],"wp:term":[{"taxonomy":"category","embeddable":true,"href":"https:\/\/rdnews.al\/index.php\/wp-json\/wp\/v2\/categories?post=103907"},{"taxonomy":"post_tag","embeddable":true,"href":"https:\/\/rdnews.al\/index.php\/wp-json\/wp\/v2\/tags?post=103907"}],"curies":[{"name":"wp","href":"https:\/\/api.w.org\/{rel}","templated":true}]}}