{"id":103910,"date":"2025-02-09T14:21:26","date_gmt":"2025-02-09T14:21:26","guid":{"rendered":"https:\/\/rdnews.al\/?p=103910"},"modified":"2025-02-09T14:21:26","modified_gmt":"2025-02-09T14:21:26","slug":"berisha-me-11-maj-te-votojme-per-te-shpetuar-shqiperine-nga-kthetrat-e-ketij-pashiqi","status":"publish","type":"post","link":"https:\/\/rdnews.al\/index.php\/2025\/02\/09\/berisha-me-11-maj-te-votojme-per-te-shpetuar-shqiperine-nga-kthetrat-e-ketij-pashiqi\/","title":{"rendered":"Berisha: M\u00eb 11 maj t\u00eb votojm\u00eb p\u00ebr t\u00eb shp\u00ebtuar Shqip\u00ebrin\u00eb nga kthetrat e k\u00ebtij Pashiqi\u2026"},"content":{"rendered":"<p>Kryetari i Partis\u00eb Demokrati, Sali Berisha u ka b\u00ebr\u00eb thirrje shqiptar\u00ebve kudo q\u00eb jan\u00eb, q\u00eb t\u00eb votojn\u00eb n\u00eb 11 maj dhe t\u00eb nxjerrim Shqip\u00ebrin\u00eb nga kthetrat e Pashiqit shqiptar.<\/p>\n<p>Berisha tha se, sot \u00e7do shqiptar q\u00eb e ndjen veten patriot duhet t\u00eb ngrihet kund\u00ebr k\u00ebtij qeveritari q\u00eb po shkat\u00ebrron far\u00ebn ton\u00eb, kombin ton\u00eb.<\/p>\n<p>\u201cRreziqet tona jan\u00eb ekzistenciale, \u00e7do shqiptar duhet t\u00eb dij\u00eb se nj\u00eb mandat i kat\u00ebrt p\u00ebr Edi Ram\u00ebn, i cili n\u00eb 10 vite p\u00ebrzuri nga Shqip\u00ebria 45 perqind t\u00eb shqiptar\u00ebve vet\u00ebm n\u00eb hap\u00ebsir\u00ebn e BE, 1 milion e 99 mij\u00eb shqiptar\u00eb.<\/p>\n<p>N\u00eb nj\u00eb mandat tjet\u00ebr, Shqip\u00ebria nuk do ekzistoj\u00eb. Shqip\u00ebria do shnd\u00ebrrohet n\u00eb tok\u00ebn e kriminel\u00ebve, bandave, trafikant\u00ebve.<\/p>\n<p>Toka e Zotit, e bukura e dheut do shuhet nga faqja e tij. A do pranojm\u00eb ne? Kurr\u00eb nj\u00eb gj\u00eb t\u00eb till\u00eb!<\/p>\n<p>Nj\u00eb burr\u00eb i madh i kombit amerikan, Tomas Pejn u tha qytetar\u00ebve t\u00eb vet, patriot do t\u00eb thot\u00eb t\u00eb ngrihesh kund\u00ebr qeveris\u00eb t\u00ebnde kur ajo shkelmon interesat e vendit t\u00ebnd.<\/p>\n<p>Sot, \u00e7do shqiptar q\u00eb e ndjen veten patriot duhet t\u00eb ngrihet kund\u00ebr k\u00ebtij qeveritari q\u00eb po shkat\u00ebrron far\u00ebn ton\u00eb, kombin ton\u00eb.<\/p>\n<p>Miqt\u00eb e mi, nj\u00eb nga publicist\u00ebt m\u00eb t\u00eb m\u00ebdhenj gjerman\u00eb, Majk\u00ebll Martens, shkruan se Edi Rama \u00ebsht\u00eb kryeministri m\u00eb i mir\u00eb i Serbis\u00eb pas Nikolla Pashiqit. Po, sepse n\u00eb planet dhe verb\u00ebrin\u00eb e tij, ultranacionalizmi serb nuk ka pasur q\u00ebllim tjet\u00ebr p\u00ebrve\u00e7 spastrimit t\u00eb shqiptar\u00ebve.<\/p>\n<p>Po ku ka ndodhur n\u00eb historin\u00eb ton\u00eb komb\u00ebtare q\u00eb n\u00eb 10 vite t\u00eb largohen nga Shqip\u00ebria mbi 45 p\u00ebrqind. A e dini se n\u00eb Luft\u00ebn e Dyt\u00eb Bot\u00ebrore, kombi polak ka humbur 20 p\u00ebrqind t\u00eb popullat\u00ebs?<\/p>\n<p>Kurse shqiptar\u00ebt n\u00eb nj\u00eb gjenocid t\u00eb but\u00eb t\u00eb ushtruar n\u00eb Edi Rama, humbasin n\u00eb 10 vite, 45 p\u00ebrqind t\u00eb materies s\u00eb tyre.<\/p>\n<p>Ndaj dhe thirrja ime p\u00ebr \u00e7do shqiptar, mos harro kurr\u00eb se ke lindur p\u00ebr t\u00eb dashur dhe mbrojtur Shqip\u00ebrin\u00eb dhe sot kjo thirrje \u00ebsht\u00eb me 11 maj, t\u00eb votojm\u00eb p\u00ebr t\u00eb shp\u00ebtuar Shqip\u00ebrin\u00eb nga kthetrat e k\u00ebtij Pashiqi q\u00eb nuk ka asgj\u00eb shqiptare\u201d, tha Berisha.<\/p>\n","protected":false},"excerpt":{"rendered":"<p>Kryetari i Partis\u00eb Demokrati, Sali Berisha u ka b\u00ebr\u00eb thirrje shqiptar\u00ebve kudo q\u00eb jan\u00eb, q\u00eb t\u00eb votojn\u00eb n\u00eb 11 maj dhe t\u00eb nxjerrim Shqip\u00ebrin\u00eb nga kthetrat e Pashiqit shqiptar. Berisha tha se, sot \u00e7do shqiptar q\u00eb e ndjen veten patriot duhet t\u00eb ngrihet kund\u00ebr k\u00ebtij qeveritari q\u00eb po shkat\u00ebrron far\u00ebn ton\u00eb, kombin ton\u00eb. \u201cRreziqet tona &hellip;<\/p>\n","protected":false},"author":4,"featured_media":103911,"comment_status":"closed","ping_status":"closed","sticky":false,"template":"","format":"standard","meta":{"footnotes":""},"categories":[37],"tags":[],"class_list":["post-103910","post","type-post","status-publish","format-standard","has-post-thumbnail","","category-politike"],"_links":{"self":[{"href":"https:\/\/rdnews.al\/index.php\/wp-json\/wp\/v2\/posts\/103910","targetHints":{"allow":["GET"]}}],"collection":[{"href":"https:\/\/rdnews.al\/index.php\/wp-json\/wp\/v2\/posts"}],"about":[{"href":"https:\/\/rdnews.al\/index.php\/wp-json\/wp\/v2\/types\/post"}],"author":[{"embeddable":true,"href":"https:\/\/rdnews.al\/index.php\/wp-json\/wp\/v2\/users\/4"}],"replies":[{"embeddable":true,"href":"https:\/\/rdnews.al\/index.php\/wp-json\/wp\/v2\/comments?post=103910"}],"version-history":[{"count":1,"href":"https:\/\/rdnews.al\/index.php\/wp-json\/wp\/v2\/posts\/103910\/revisions"}],"predecessor-version":[{"id":103912,"href":"https:\/\/rdnews.al\/index.php\/wp-json\/wp\/v2\/posts\/103910\/revisions\/103912"}],"wp:featuredmedia":[{"embeddable":true,"href":"https:\/\/rdnews.al\/index.php\/wp-json\/wp\/v2\/media\/103911"}],"wp:attachment":[{"href":"https:\/\/rdnews.al\/index.php\/wp-json\/wp\/v2\/media?parent=103910"}],"wp:term":[{"taxonomy":"category","embeddable":true,"href":"https:\/\/rdnews.al\/index.php\/wp-json\/wp\/v2\/categories?post=103910"},{"taxonomy":"post_tag","embeddable":true,"href":"https:\/\/rdnews.al\/index.php\/wp-json\/wp\/v2\/tags?post=103910"}],"curies":[{"name":"wp","href":"https:\/\/api.w.org\/{rel}","templated":true}]}}