{"id":103936,"date":"2025-02-09T19:06:16","date_gmt":"2025-02-09T19:06:16","guid":{"rendered":"https:\/\/rdnews.al\/?p=103936"},"modified":"2025-02-09T19:06:16","modified_gmt":"2025-02-09T19:06:16","slug":"ish-anetari-i-bordit-drejtues-te-fondit-shqiptaro-amerikan-i-kerkon-qeverise-amerikane-te-hetoje-korrupsionin-me-fondet-te-usaid-ne-shqiperi","status":"publish","type":"post","link":"https:\/\/rdnews.al\/index.php\/2025\/02\/09\/ish-anetari-i-bordit-drejtues-te-fondit-shqiptaro-amerikan-i-kerkon-qeverise-amerikane-te-hetoje-korrupsionin-me-fondet-te-usaid-ne-shqiperi\/","title":{"rendered":"Ish an\u00ebtari i Bordit Drejtues t\u00eb Fondit Shqiptaro Amerikan i k\u00ebrkon qeveris\u00eb amerikane t\u00eb hetoj\u00eb korrupsionin me fondet t\u00eb USAID n\u00eb Shqip\u00ebri"},"content":{"rendered":"<p><strong>Cafo Boga, ish an\u00ebtar i Bordit Drejtues t\u00eb Fondit Shqiptaro Amerikan<\/strong><\/p>\n<p>Kan\u00eb kaluar m\u00eb se dy vjet q\u00eb kur n\u00eb mbledhjen vjetore t\u00eb Bordit t\u00eb Fondit Shqiptaro Amerikan t\u00eb Zhvillimit, u ndjeva i detyruar t\u00eb ngre shqet\u00ebsimet e mia, ku me respekt theksova se Fondacioni ka humbur drejtimin e tij dhe nuk po p\u00ebrmbush m\u00eb objektivat dhe misionin e qeveris\u00eb amerikane, pavar\u00ebsisht mbik\u00ebqyrjes nga USAID.<\/p>\n<p>I k\u00ebrkova Kryetarit Michael Granoff dhe an\u00ebtar\u00ebve t\u00eb Bordit q\u00eb t\u00eb rivler\u00ebsojm\u00eb aktivitetet tona, ve\u00e7an\u00ebrisht ato q\u00eb kryesisht i p\u00ebrfitojn\u00eb qeveris\u00eb dhe jo popullit t\u00eb Shqip\u00ebris\u00eb. Theksova se qeveria \u00ebsht\u00eb b\u00ebr\u00eb thelb\u00ebsisht e korruptuar dhe se radhitja me t\u00eb bie ndesh me misionin ton\u00eb. Megjithat\u00eb, Kryetari, i cili kohet e fundit e trajton Fondacionin si domenin e tij personal dhe \u00ebsht\u00eb i lidhur ngusht\u00eb me qeverin\u00eb, shp\u00ebrfilli shqet\u00ebsimet e mia dhe m\u00eb largoi n\u00eb m\u00ebnyr\u00eb t\u00eb paligjshme nga Bordi.<\/p>\n<p><img loading=\"lazy\" decoding=\"async\" class=\"alignnone size-full wp-image-21040\" src=\"https:\/\/www.kapitali.al\/wp-content\/uploads\/2025\/02\/granoff.jpg\" sizes=\"auto, (max-width: 1280px) 100vw, 1280px\" srcset=\"https:\/\/www.kapitali.al\/wp-content\/uploads\/2025\/02\/granoff.jpg 1280w, https:\/\/www.kapitali.al\/wp-content\/uploads\/2025\/02\/granoff-300x200.jpg 300w, https:\/\/www.kapitali.al\/wp-content\/uploads\/2025\/02\/granoff-1024x682.jpg 1024w, https:\/\/www.kapitali.al\/wp-content\/uploads\/2025\/02\/granoff-768x512.jpg 768w, https:\/\/www.kapitali.al\/wp-content\/uploads\/2025\/02\/granoff-900x600.jpg 900w\" alt=\"\" width=\"1280\" height=\"853\" \/><\/p>\n<p>Nuk mund ta imagjinoja veten t\u00eb mbetem n\u00eb k\u00ebt\u00eb Bord, ndaj nuk e kund\u00ebrshtova vendimin. M\u00eb von\u00eb, vura re se Fondacioni ishte shnd\u00ebrruar n\u00eb nj\u00eb organizat\u00eb enigmatike, duke rrezikuar trash\u00ebgimin\u00eb kulturore t\u00eb popullit shqiptar dhe duke l\u00ebn\u00eb pas dore mandatet e UNESCO-s, duke filluar nga Butrinti dhe duke u shtrir\u00eb n\u00eb vende t\u00eb tjera.<\/p>\n<p>U alarmova gjithnj\u00eb e m\u00eb shum\u00eb nga zhvillimet shqet\u00ebsuese n\u00ebn kryesuesin e vet\u00eb-em\u00ebruar narcist\u00eb Michael Granoff, i cili po minonte pun\u00ebn e madhe q\u00eb an\u00ebtar\u00ebt fillestar\u00eb t\u00eb Bordit, t\u00eb em\u00ebruar nga presidenti i Shteteve t\u00eb Bashkuara, p\u00ebrfshir\u00eb edhe mua, p\u00ebr t\u00eb cil\u00ebn populli shqiptar na mbajti me respekt t\u00eb lart\u00eb.<\/p>\n<p>Duke u p\u00ebrpjekur t\u00eb b\u00ebj di\u00e7ka p\u00ebr t\u00eb ndihmuar popullin shqiptar, kontaktova dy her\u00eb me Samantha Power n\u00eb USAID n\u00eb lidhje me aktivitetet e fundit t\u00eb paligjshme t\u00eb Fondit Shqiptaro Amerikan, por nuk mora asnj\u00eb p\u00ebrgjigje. U b\u00eb e qart\u00eb p\u00ebr mua se situata ishte m\u00eb serioze nga sa mendoja fillimisht, dhe se USAID-i \u00ebsht\u00eb gjithashtu pjes\u00eb e asaj q\u00eb quhet \u201cShteti i thell\u00eb\u201d i korruptuar, duke mb\u00ebshtetur individ\u00eb si Michael Granoff dhe aktivitete t\u00eb drejtuara nga George Soros.<\/p>\n<p>Megjithat\u00eb, asgj\u00eb nuk \u00ebsht\u00eb e p\u00ebrhershme, ve\u00e7an\u00ebrisht n\u00eb nj\u00eb vend si Shtetet e Bashkuara ku demokracia \u00ebsht\u00eb nj\u00eb realitet dhe jo thjesht nj\u00eb koncept. Pas inaugurimit t\u00eb Presidentit Donald Trump, ne kemi par\u00eb tashm\u00eb ndryshime t\u00eb r\u00ebnd\u00ebsishme brenda asaj q\u00eb ai i referohet si \u201cShteti i thell\u00eb\u201d, i cili p\u00ebrfshin USAID-in. Prandaj nuk \u00ebsht\u00eb p\u00ebr t\u2019u habitur q\u00eb Elon Musk e ka etiketuar at\u00eb nj\u00eb \u201cnd\u00ebrmarrje kriminale\u201d. Ndoshta bashkimi i USAID-it me Departamentin e Shtetit si\u00e7 sugjerohet mund t\u00eb jet\u00eb rruga m\u00eb e mir\u00eb e veprimit p\u00ebr t\u00eb ecur p\u00ebrpara.<\/p>\n<p>Ndryshimet q\u00eb ndodhin n\u00eb Shtetet e Bashkuara padyshim q\u00eb do t\u00eb ndikojn\u00eb n\u00eb Fondin Shqitaro Amerikan, i cili p\u00ebrballet me mund\u00ebsin\u00eb e mbylljes. Un\u00eb sinqerisht shpresoj q\u00eb ata n\u00eb Bord, t\u00eb cil\u00ebt kan\u00eb neglizhuar detyrat e tyre fiduciare, t\u00eb mbajn\u00eb p\u00ebrgjegj\u00ebsi nga qeveria q\u00eb i ka em\u00ebruar.<\/p>\n<p>Gjithashtu, dy bashk\u00ebdrejtuesit ekzekutiv\u00eb t\u00eb Fondit, t\u00eb cil\u00ebt p\u00ebr p\u00ebrfitime financiare personale kan\u00eb d\u00ebmtuar ndjesh\u00ebm Trash\u00ebgimin\u00eb Komb\u00ebtare t\u00eb Shqip\u00ebris\u00eb duke ndihmuar Kryetarin n\u00eb avancimin e agjend\u00ebs s\u00eb tij, duhet t\u00eb mbahen p\u00ebrgjegj\u00ebs sipas ligjit shqiptar.<\/p>\n<p>Besoj se Kryetari do t\u00eb duhet t\u2019i p\u00ebrgjigjet qeveris\u00eb amerikane dhe t\u00eb justifikoj\u00eb se si dy shtetas shqiptar\u00eb t\u00eb pun\u00ebsuar nga nj\u00eb organizat\u00eb jofitimprur\u00ebse n\u00eb Shqip\u00ebri u shp\u00ebrblyen n\u00eb nj\u00eb nivel m\u00eb t\u00eb madh se ai i nj\u00eb kongresmeni amerikan.<\/p>\n","protected":false},"excerpt":{"rendered":"<p>Cafo Boga, ish an\u00ebtar i Bordit Drejtues t\u00eb Fondit Shqiptaro Amerikan Kan\u00eb kaluar m\u00eb se dy vjet q\u00eb kur n\u00eb mbledhjen vjetore t\u00eb Bordit t\u00eb Fondit Shqiptaro Amerikan t\u00eb Zhvillimit, u ndjeva i detyruar t\u00eb ngre shqet\u00ebsimet e mia, ku me respekt theksova se Fondacioni ka humbur drejtimin e tij dhe nuk po p\u00ebrmbush m\u00eb &hellip;<\/p>\n","protected":false},"author":3,"featured_media":103938,"comment_status":"closed","ping_status":"closed","sticky":false,"template":"","format":"standard","meta":{"footnotes":""},"categories":[37],"tags":[],"class_list":["post-103936","post","type-post","status-publish","format-standard","has-post-thumbnail","","category-politike"],"_links":{"self":[{"href":"https:\/\/rdnews.al\/index.php\/wp-json\/wp\/v2\/posts\/103936","targetHints":{"allow":["GET"]}}],"collection":[{"href":"https:\/\/rdnews.al\/index.php\/wp-json\/wp\/v2\/posts"}],"about":[{"href":"https:\/\/rdnews.al\/index.php\/wp-json\/wp\/v2\/types\/post"}],"author":[{"embeddable":true,"href":"https:\/\/rdnews.al\/index.php\/wp-json\/wp\/v2\/users\/3"}],"replies":[{"embeddable":true,"href":"https:\/\/rdnews.al\/index.php\/wp-json\/wp\/v2\/comments?post=103936"}],"version-history":[{"count":2,"href":"https:\/\/rdnews.al\/index.php\/wp-json\/wp\/v2\/posts\/103936\/revisions"}],"predecessor-version":[{"id":103939,"href":"https:\/\/rdnews.al\/index.php\/wp-json\/wp\/v2\/posts\/103936\/revisions\/103939"}],"wp:featuredmedia":[{"embeddable":true,"href":"https:\/\/rdnews.al\/index.php\/wp-json\/wp\/v2\/media\/103938"}],"wp:attachment":[{"href":"https:\/\/rdnews.al\/index.php\/wp-json\/wp\/v2\/media?parent=103936"}],"wp:term":[{"taxonomy":"category","embeddable":true,"href":"https:\/\/rdnews.al\/index.php\/wp-json\/wp\/v2\/categories?post=103936"},{"taxonomy":"post_tag","embeddable":true,"href":"https:\/\/rdnews.al\/index.php\/wp-json\/wp\/v2\/tags?post=103936"}],"curies":[{"name":"wp","href":"https:\/\/api.w.org\/{rel}","templated":true}]}}