{"id":103950,"date":"2025-02-10T09:56:16","date_gmt":"2025-02-10T09:56:16","guid":{"rendered":"https:\/\/rdnews.al\/?p=103950"},"modified":"2025-02-10T09:56:16","modified_gmt":"2025-02-10T09:56:16","slug":"zgjedhjet-ne-kosove-albin-kurti-koalicioni-yne-do-te-formoje-qeverine-kurti-3","status":"publish","type":"post","link":"https:\/\/rdnews.al\/index.php\/2025\/02\/10\/zgjedhjet-ne-kosove-albin-kurti-koalicioni-yne-do-te-formoje-qeverine-kurti-3\/","title":{"rendered":"Zgjedhjet n\u00eb Kosov\u00eb\/ Albin Kurti: Koalicioni yn\u00eb do t\u00eb formoj\u00eb qeverin\u00eb \u201cKurti 3\u201d"},"content":{"rendered":"<p>Kreu i L\u00ebvizjes Vet\u00ebvendosje, Albin Kurti, deklaroi se partia e tij \u00ebsht\u00eb fituese e zgjedhjeve parlamentare n\u00eb Kosov\u00eb.<\/p>\n<p>N\u00eb fjal\u00ebn e tij p\u00ebr mediat, Kurti tha se procesi zgjedhor ishte i lir\u00eb, demokratik dhe i ndersh\u00ebm, duke e cil\u00ebsuar rezultatin e deritanish\u00ebm si nj\u00eb konfirmim p\u00ebr qeverisjen e tij.<\/p>\n<p>Ai u shpreh se t\u00eb gjith\u00eb e kan\u00eb t\u00eb qart\u00eb se ata q\u00eb dol\u00ebn t\u00eb dyt\u00ebt e t\u00eb tret\u00ebt po t\u00eb mblidhen bashk\u00eb, nuk b\u00ebjn\u00eb sa Vet\u00ebvendosja.<\/p>\n<p>\u201cGjith\u00e7ka ka shkuar sipas procedurave, fal\u00ebnderoj Policin\u00eb dhe organet e rendit n\u00eb p\u00ebrgjith\u00ebsi. Jemi t\u00eb par\u00ebt e ky \u00ebsht\u00eb konfirmim p\u00ebr nj\u00eb qeverisje t\u00eb mir\u00eb, t\u00eb mbar\u00eb dhe demokratike. Koalicioni yn\u00eb do ta formoj\u00eb qeverisjen ton\u00eb 3.<\/p>\n<p>Do t\u2019i vazhdoj\u00eb pun\u00ebt\u2026Populli fitoi, fitoi Vet\u00ebvendosje. Ne jemi subjekti fitues q\u00eb do t\u00eb formoj\u00eb qeverin\u00eb e ardhshme. T\u00eb gjith\u00eb e kan\u00eb t\u00eb qart\u00eb se ata q\u00eb dol\u00ebn t\u00eb dyt\u00ebt e t\u00eb tret\u00ebt po t\u00eb mblidhen bashk\u00eb, nuk b\u00ebjn\u00eb sa ne\u201d, ka th\u00ebn\u00eb Kurti.<\/p>\n<p>L\u00ebvizja Vet\u00ebvendosje ka thirrur mb\u00ebshtet\u00ebsit e saj q\u00eb t\u00eb dalin n\u00eb sheshin \u2018Sk\u00ebnderbeu\u2019 n\u00eb Prishtin\u00eb, p\u00ebr t\u00eb festuar fitoren n\u00eb zgjedhjet e p\u00ebrgjithshme q\u00eb u zhvilluan dit\u00ebn e sotme n\u00eb Kosov\u00eb.<\/p>\n<p><em>\u2018Ju presim n\u00eb sheshin \u201cSk\u00ebnderbeu\u201d n\u00eb ora 24:00 s\u00eb bashku me Kryeministrin Kurti\u2019,\u00a0<\/em>shkruhet n\u00eb postimin e LVV.<\/p>\n<p>Kujtojm\u00eb se n\u00eb baz\u00eb t\u00eb rezultateve t\u00eb mbi 50% t\u00eb votave t\u00eb num\u00ebruara, LVV rezulton se ka siguruar 166031 vota, ose 37.50%, ndjekur nga PDk e Kosov\u00ebs, 131940 vota, 29.80%, LDK, 72138 vota me 16.29%, AAK-NISMA 35073 vota, e p\u00ebrkthyer n\u00eb p\u00ebrqindje me 7.92% dhe SRPSKA LISTA me 10104 vota, 2.28%.<\/p>\n","protected":false},"excerpt":{"rendered":"<p>Kreu i L\u00ebvizjes Vet\u00ebvendosje, Albin Kurti, deklaroi se partia e tij \u00ebsht\u00eb fituese e zgjedhjeve parlamentare n\u00eb Kosov\u00eb. N\u00eb fjal\u00ebn e tij p\u00ebr mediat, Kurti tha se procesi zgjedhor ishte i lir\u00eb, demokratik dhe i ndersh\u00ebm, duke e cil\u00ebsuar rezultatin e deritanish\u00ebm si nj\u00eb konfirmim p\u00ebr qeverisjen e tij. Ai u shpreh se t\u00eb gjith\u00eb &hellip;<\/p>\n","protected":false},"author":4,"featured_media":103951,"comment_status":"closed","ping_status":"closed","sticky":false,"template":"","format":"standard","meta":{"footnotes":""},"categories":[37],"tags":[],"class_list":["post-103950","post","type-post","status-publish","format-standard","has-post-thumbnail","","category-politike"],"_links":{"self":[{"href":"https:\/\/rdnews.al\/index.php\/wp-json\/wp\/v2\/posts\/103950","targetHints":{"allow":["GET"]}}],"collection":[{"href":"https:\/\/rdnews.al\/index.php\/wp-json\/wp\/v2\/posts"}],"about":[{"href":"https:\/\/rdnews.al\/index.php\/wp-json\/wp\/v2\/types\/post"}],"author":[{"embeddable":true,"href":"https:\/\/rdnews.al\/index.php\/wp-json\/wp\/v2\/users\/4"}],"replies":[{"embeddable":true,"href":"https:\/\/rdnews.al\/index.php\/wp-json\/wp\/v2\/comments?post=103950"}],"version-history":[{"count":1,"href":"https:\/\/rdnews.al\/index.php\/wp-json\/wp\/v2\/posts\/103950\/revisions"}],"predecessor-version":[{"id":103952,"href":"https:\/\/rdnews.al\/index.php\/wp-json\/wp\/v2\/posts\/103950\/revisions\/103952"}],"wp:featuredmedia":[{"embeddable":true,"href":"https:\/\/rdnews.al\/index.php\/wp-json\/wp\/v2\/media\/103951"}],"wp:attachment":[{"href":"https:\/\/rdnews.al\/index.php\/wp-json\/wp\/v2\/media?parent=103950"}],"wp:term":[{"taxonomy":"category","embeddable":true,"href":"https:\/\/rdnews.al\/index.php\/wp-json\/wp\/v2\/categories?post=103950"},{"taxonomy":"post_tag","embeddable":true,"href":"https:\/\/rdnews.al\/index.php\/wp-json\/wp\/v2\/tags?post=103950"}],"curies":[{"name":"wp","href":"https:\/\/api.w.org\/{rel}","templated":true}]}}