{"id":103963,"date":"2025-02-10T10:44:28","date_gmt":"2025-02-10T10:44:28","guid":{"rendered":"https:\/\/rdnews.al\/?p=103963"},"modified":"2025-02-10T10:46:28","modified_gmt":"2025-02-10T10:46:28","slug":"berisha-kryearkitekti-i-fitores-se-trump-zgjodhi-pd-ne-sepse-ne-luftuam-dhe-mbrojtem-vlerat-konservatore","status":"publish","type":"post","link":"https:\/\/rdnews.al\/index.php\/2025\/02\/10\/berisha-kryearkitekti-i-fitores-se-trump-zgjodhi-pd-ne-sepse-ne-luftuam-dhe-mbrojtem-vlerat-konservatore\/","title":{"rendered":"Berisha: Kryearkitekti i fitores s\u00eb Trump zgjodhi PD-n\u00eb sepse ne luftuam dhe mbrojt\u00ebm vlerat konservatore"},"content":{"rendered":"<p>Kryetari i Partis\u00eb Demokratike, Sali Berisha, pasi ka prezantuar Drejtuesin e fushat\u00ebs s\u00eb PD, tha se Shqip\u00ebria ishte vendi ku e majta radikale beri eksperimente tragjike. Berisha tha se, lideri i opozit\u00ebs u sanksionua pa asnj\u00eb prov\u00eb, fakt apo dokument, por vet\u00ebm p\u00ebr t\u2019i dor\u00ebzuar opozit\u00ebn Edi Ram\u00ebs.<\/p>\n<p>\u201cMe t\u00eb drejt\u00eb, ju dhe ata q\u00eb na ndjekin mund t\u00eb shtrojn\u00eb pyetjen, si ka mund\u00ebsi q\u00eb bashk\u00ebkryetari i suksesit elektoral m\u00eb t\u00eb madh n\u00eb histori, n\u00eb mes t\u00eb k\u00ebrkesave m\u00eb t\u00eb panum\u00ebrta, pranoi me p\u00ebrpar\u00ebsi k\u00ebrkes\u00ebn e PD dhe aleat\u00ebve t\u00eb saj.<\/p>\n<p>Natyrisht p\u00ebrgjigjen e vet e di vet\u00eb zoti Chris LaCivita.<\/p>\n<p>Por e v\u00ebrteta \u00ebsht\u00eb se PD dhe opozita shqiptare, si dhe Shqip\u00ebria, ishin vendi i dyt\u00eb pas SHBA, n\u00eb t\u00eb cil\u00ebn e majta radikale sorosiane, ideologu i saj, armiku i demokracis\u00eb, Xhorxh Soros dhe kukulla e tij, Antoni Blinken, g\u00ebnjeshtar n\u00eb letr\u00ebn pu\u00e7iste t\u00eb laptopit t\u00eb famsh\u00ebm, duke mashtruar kombin e tij dhe bot\u00ebn p\u00ebr interesa politike, k\u00ebta b\u00ebn\u00eb n\u00eb Shqip\u00ebri eksperimente tragjike.<\/p>\n<p>B\u00ebn\u00eb gjith\u00e7ka p\u00ebr zhdukjen e opozit\u00ebs konservatore, de facto pluralizmit politik dhe instalimin e monizmit t\u00eb bazuar n\u00eb krimin, drog\u00ebn dhe korrupsionin.<\/p>\n<p>Shqip\u00ebria, edhe nj\u00ebher\u00eb theksoj, \u00ebsht\u00eb sot kopshti i lul\u00ebzuar i Xhorxh Sorosit ku korrupsioni dhe droga dominojn\u00eb vendin.<\/p>\n<p>Ku lideri i opozit\u00ebs u sanksionua pa asnj\u00eb prov\u00eb, fakt apo dokument, por vet\u00ebm p\u00ebr t\u2019i dor\u00ebzuar opozit\u00ebn Edi Ram\u00ebs.<\/p>\n<p>Vendi, n\u00eb t\u00eb cil\u00ebn drejt\u00ebsia u shnd\u00ebrrua n\u00eb arm\u00eb t\u00eb fuqishme t\u00eb narkoshtetit, i cili n\u00eb tradit\u00ebn e babait t\u00eb tij biologjik, Kristaq Ram\u00ebs, q\u00eb vari n\u00eb litar p\u00ebr vargjet e tij poetin disident Havzi Nela, arrestoi p\u00ebr motive politike dhe ndoqi penalisht tre lider\u00eb t\u00eb partive kryesore opozitare.<\/p>\n<p>N\u00eb p\u00ebrzgjedhjen e zotit Chris LaCivita p\u00ebr t\u00eb drejtuar fushat\u00ebn e fitores s\u00eb PD, un\u00eb jam i sigurt se ka ndikuar fakti se PD dhe opozita shqiptare, p\u00ebrball\u00eb k\u00ebtyre shantazheve dhe presioneve t\u00eb jasht\u00ebzakonshme p\u00ebr zhdukjen e tyre, q\u00ebndruan t\u00eb pamposhtura n\u00eb mbrojtjen e vlerave dhe parimeve q\u00eb konservator\u00ebt ndajn\u00eb n\u00eb t\u00eb gjith\u00eb bot\u00ebn.<\/p>\n<p>Dhe mbi t\u00eb gjitha, programi aktual i PD dhe opozit\u00ebs \u00ebsht\u00eb nj\u00eb program i shk\u00eblqyer p\u00ebr t\u00eb shp\u00ebtuar Shqip\u00ebrin\u00eb.<\/p>\n<p>PD dhe opozita q\u00ebndrojn\u00eb haptas, publikisht n\u00eb krah t\u00eb Partis\u00eb Republikane n\u00eb fushat\u00ebn e fundit, e bindur se kjo fushat\u00eb n\u00eb SHBA ishte e nj\u00eb r\u00ebnd\u00ebsie jetike jo vet\u00ebm p\u00ebr SHBA, por edhe p\u00ebr bot\u00ebn.<\/p>\n<p>T\u00eb nes\u00ebrmen e fitores s\u00eb presidentit Donald Trump, nj\u00eb publicist i njohur amerikan n\u00eb radion e tij, Frank Gardner shkruante se n\u00eb SHBA ndodhi mrekullia. Iu p\u00ebrgjigja se kjo fitore ishte nj\u00eb mrekulli p\u00ebr mbar\u00eb njer\u00ebzit e lir\u00eb kudo n\u00eb bot\u00eb\u201d, u shpreh Berisha.<\/p>\n","protected":false},"excerpt":{"rendered":"<p>Kryetari i Partis\u00eb Demokratike, Sali Berisha, pasi ka prezantuar Drejtuesin e fushat\u00ebs s\u00eb PD, tha se Shqip\u00ebria ishte vendi ku e majta radikale beri eksperimente tragjike. Berisha tha se, lideri i opozit\u00ebs u sanksionua pa asnj\u00eb prov\u00eb, fakt apo dokument, por vet\u00ebm p\u00ebr t\u2019i dor\u00ebzuar opozit\u00ebn Edi Ram\u00ebs. \u201cMe t\u00eb drejt\u00eb, ju dhe ata q\u00eb &hellip;<\/p>\n","protected":false},"author":4,"featured_media":103966,"comment_status":"closed","ping_status":"closed","sticky":false,"template":"","format":"standard","meta":{"footnotes":""},"categories":[37],"tags":[],"class_list":["post-103963","post","type-post","status-publish","format-standard","has-post-thumbnail","","category-politike"],"_links":{"self":[{"href":"https:\/\/rdnews.al\/index.php\/wp-json\/wp\/v2\/posts\/103963","targetHints":{"allow":["GET"]}}],"collection":[{"href":"https:\/\/rdnews.al\/index.php\/wp-json\/wp\/v2\/posts"}],"about":[{"href":"https:\/\/rdnews.al\/index.php\/wp-json\/wp\/v2\/types\/post"}],"author":[{"embeddable":true,"href":"https:\/\/rdnews.al\/index.php\/wp-json\/wp\/v2\/users\/4"}],"replies":[{"embeddable":true,"href":"https:\/\/rdnews.al\/index.php\/wp-json\/wp\/v2\/comments?post=103963"}],"version-history":[{"count":1,"href":"https:\/\/rdnews.al\/index.php\/wp-json\/wp\/v2\/posts\/103963\/revisions"}],"predecessor-version":[{"id":103965,"href":"https:\/\/rdnews.al\/index.php\/wp-json\/wp\/v2\/posts\/103963\/revisions\/103965"}],"wp:featuredmedia":[{"embeddable":true,"href":"https:\/\/rdnews.al\/index.php\/wp-json\/wp\/v2\/media\/103966"}],"wp:attachment":[{"href":"https:\/\/rdnews.al\/index.php\/wp-json\/wp\/v2\/media?parent=103963"}],"wp:term":[{"taxonomy":"category","embeddable":true,"href":"https:\/\/rdnews.al\/index.php\/wp-json\/wp\/v2\/categories?post=103963"},{"taxonomy":"post_tag","embeddable":true,"href":"https:\/\/rdnews.al\/index.php\/wp-json\/wp\/v2\/tags?post=103963"}],"curies":[{"name":"wp","href":"https:\/\/api.w.org\/{rel}","templated":true}]}}