{"id":103967,"date":"2025-02-10T10:50:56","date_gmt":"2025-02-10T10:50:56","guid":{"rendered":"https:\/\/rdnews.al\/?p=103967"},"modified":"2025-02-10T11:07:15","modified_gmt":"2025-02-10T11:07:15","slug":"berisha-sot-eshte-fillimi-i-nje-fushate-qe-do-te-riktheje-shqiperine-ne-rrugen-e-shpreses","status":"publish","type":"post","link":"https:\/\/rdnews.al\/index.php\/2025\/02\/10\/berisha-sot-eshte-fillimi-i-nje-fushate-qe-do-te-riktheje-shqiperine-ne-rrugen-e-shpreses\/","title":{"rendered":"Berisha: Sot \u00ebsht\u00eb fillimi i nj\u00eb fushate q\u00eb do t\u00eb rikthej\u00eb Shqip\u00ebrin\u00eb n\u00eb rrug\u00ebn e shpres\u00ebs"},"content":{"rendered":"<p>Kryetari i PD, Sali Berisha, n\u00eb p\u00ebrfudnim t\u00eb prezantimit t\u00eb djetuest t\u00eb fusht\u00ebs, tha se, sot \u00ebsht\u00eb fillimi i nj\u00eb fushate q\u00eb do t\u00eb rikthej\u00eb Shqip\u00ebrin\u00eb n\u00eb rrug\u00ebn e shpres\u00ebs.<\/p>\n<p><strong>Berisha:\u00a0<\/strong>Ju falenderojm\u00eb p\u00ebr pranin\u00eb dhe ndjekjen e k\u00ebsaj deklarate p\u00ebr shtyp.<\/p>\n<p>Do kemi takime t\u00eb tjera.<\/p>\n<p>Sot \u00ebsht\u00eb fillimi i nj\u00eb fushate q\u00eb do t\u00eb rikthej\u00eb Shqip\u00ebrin\u00eb n\u00eb rrug\u00ebn e shpres\u00ebs, n\u00eb rrug\u00ebn e t\u00eb ardhmes, n\u00eb rrug\u00ebn e ligjit dhe t\u00eb zhvillimit.<\/p>\n<p>Shum\u00eb faleminderit!<\/p>\n","protected":false},"excerpt":{"rendered":"<p>Kryetari i PD, Sali Berisha, n\u00eb p\u00ebrfudnim t\u00eb prezantimit t\u00eb djetuest t\u00eb fusht\u00ebs, tha se, sot \u00ebsht\u00eb fillimi i nj\u00eb fushate q\u00eb do t\u00eb rikthej\u00eb Shqip\u00ebrin\u00eb n\u00eb rrug\u00ebn e shpres\u00ebs. Berisha:\u00a0Ju falenderojm\u00eb p\u00ebr pranin\u00eb dhe ndjekjen e k\u00ebsaj deklarate p\u00ebr shtyp. Do kemi takime t\u00eb tjera. Sot \u00ebsht\u00eb fillimi i nj\u00eb fushate q\u00eb do t\u00eb &hellip;<\/p>\n","protected":false},"author":4,"featured_media":103971,"comment_status":"closed","ping_status":"closed","sticky":false,"template":"","format":"standard","meta":{"footnotes":""},"categories":[37],"tags":[],"class_list":["post-103967","post","type-post","status-publish","format-standard","has-post-thumbnail","","category-politike"],"_links":{"self":[{"href":"https:\/\/rdnews.al\/index.php\/wp-json\/wp\/v2\/posts\/103967","targetHints":{"allow":["GET"]}}],"collection":[{"href":"https:\/\/rdnews.al\/index.php\/wp-json\/wp\/v2\/posts"}],"about":[{"href":"https:\/\/rdnews.al\/index.php\/wp-json\/wp\/v2\/types\/post"}],"author":[{"embeddable":true,"href":"https:\/\/rdnews.al\/index.php\/wp-json\/wp\/v2\/users\/4"}],"replies":[{"embeddable":true,"href":"https:\/\/rdnews.al\/index.php\/wp-json\/wp\/v2\/comments?post=103967"}],"version-history":[{"count":1,"href":"https:\/\/rdnews.al\/index.php\/wp-json\/wp\/v2\/posts\/103967\/revisions"}],"predecessor-version":[{"id":103969,"href":"https:\/\/rdnews.al\/index.php\/wp-json\/wp\/v2\/posts\/103967\/revisions\/103969"}],"wp:featuredmedia":[{"embeddable":true,"href":"https:\/\/rdnews.al\/index.php\/wp-json\/wp\/v2\/media\/103971"}],"wp:attachment":[{"href":"https:\/\/rdnews.al\/index.php\/wp-json\/wp\/v2\/media?parent=103967"}],"wp:term":[{"taxonomy":"category","embeddable":true,"href":"https:\/\/rdnews.al\/index.php\/wp-json\/wp\/v2\/categories?post=103967"},{"taxonomy":"post_tag","embeddable":true,"href":"https:\/\/rdnews.al\/index.php\/wp-json\/wp\/v2\/tags?post=103967"}],"curies":[{"name":"wp","href":"https:\/\/api.w.org\/{rel}","templated":true}]}}