{"id":104223,"date":"2025-02-12T09:18:01","date_gmt":"2025-02-12T09:18:01","guid":{"rendered":"https:\/\/rdnews.al\/?p=104223"},"modified":"2025-02-12T09:32:23","modified_gmt":"2025-02-12T09:32:23","slug":"huffington-post-gjerat-nuk-po-shkojne-mire-per-edi-ramen","status":"publish","type":"post","link":"https:\/\/rdnews.al\/index.php\/2025\/02\/12\/huffington-post-gjerat-nuk-po-shkojne-mire-per-edi-ramen\/","title":{"rendered":"\u201cHuffington Post\u201d: LaCivita, ish-marinsi q\u00eb po sjell MAGA n\u00eb Ballkan nga Shqip\u00ebria"},"content":{"rendered":"<p>Nga<strong>\u00a0Guilio Ucciero,\u00a0<a href=\"https:\/\/www.huffingtonpost.it\/esteri\/2025\/02\/11\/news\/rama_marionetta_di_soros_la_destra_arruola_il_guru_di_trump_per_dare_la_spallata_al_premier_albanese-18397860\/\" target=\"_blank\" rel=\"noopener\">HUFFINGTON POST<\/a><\/strong><\/p>\n<p>MAGA: \u201cMake Albania Great Again\u201d. Harrojeni marr\u00ebveshjen me Italin\u00eb p\u00ebr qendrat e emigrant\u00ebve, t\u00eb zbritura n\u00eb faqet e pasme t\u00eb gazetave lokale.<\/p>\n<p>Zgjedhjet po i afrohen Shqip\u00ebris\u00eb, kryebashkiaku i Tiran\u00ebs \u2013 nj\u00eb njeri shum\u00eb i af\u00ebrt me Edi Ram\u00ebn \u2013 \u00ebsht\u00eb arrestuar dhe partia kryesore opozitare synon t\u00eb mund\u00eb kryeministrin socialist duke luajtur kart\u00ebn e Trumpizmit: Demokrat\u00ebt, rival\u00ebt e Ram\u00ebs, t\u00eb udh\u00ebhequr nga ish-presidenti Sali Berisha, kan\u00eb pun\u00ebsuar Chris LaCivita si strateg t\u00eb tyre.<\/p>\n<p>Ai \u00ebsht\u00eb guru i Donald Trump, p\u00ebrgjegj\u00ebs p\u00ebr fushat\u00ebn fituese t\u00eb manjatit n\u00eb Shtetet e Bashkuara: \u201cRama \u00ebsht\u00eb nj\u00eb kukull Soros\u201d, LaCivita e b\u00ebri t\u00eb qart\u00eb menj\u00ebher\u00eb. Nj\u00eb kart\u00eb prezantimi n\u00eb stilin e past\u00ebr sovranist, shenj\u00eb se vala MAGA ka mb\u00ebrritur n\u00eb Ballkan.<\/p>\n<p>Gj\u00ebrat nuk po shkojn\u00eb mir\u00eb p\u00ebr Ram\u00ebn. Nd\u00ebrsa b\u00ebn hap\u00ebsir\u00eb \u200b\u200bmes veprave t\u00eb artit, skulpturave t\u00eb vogla dhe pikturave t\u00eb pikturuara nga ai vet\u00eb mes nj\u00eb takimi dhe tjetrit, kryeministri shqiptar tund kok\u00ebn. Dhe jo p\u00ebr protokollet me Italin\u00eb, t\u00eb cilat Giorgia Meloni, pas JO-s\u00eb s\u00eb trefisht\u00eb nga drejt\u00ebsia, k\u00ebrkon t\u2019i ndryshoj\u00eb duke i shnd\u00ebrruar hotspotet n\u00eb CPR (qendra t\u00eb p\u00ebrhershme dhe riatdhesimi). Ram\u00ebs po shp\u00ebrthen fronti i brendsh\u00ebm.<\/p>\n<p>S\u00eb pari SPAK, organi antikorrupsion akuzoi kryebashkiakun e Tiran\u00ebs, Erion Veliaj dhe e futi n\u00eb burg. M\u00eb pas, Partia Demokratike e Berish\u00ebs njoftoi se menaxheri i fushat\u00ebs s\u00eb presidentit amerikan Donald Trump, Christopher \u201cChris\u201d LaCivita, do t\u00eb udh\u00ebheq\u00eb fushat\u00ebn e tyre p\u00ebrpara zgjedhjeve t\u00eb 11 majit.<\/p>\n<p>Nj\u00eb ish-marins n\u00eb Irak, konsulent i disa brezave t\u00eb republikan\u00ebve amerikan\u00eb, LaCivita luajti nj\u00eb rol ky\u00e7 n\u00eb rizgjedhjen e Presidentit Trump n\u00eb n\u00ebntor.<\/p>\n<p>Pasi \u00e7\u00ebshtja u mbyll, tani nga Richmond, Virxhinia, LaCivita fluturoi n\u00eb Tiran\u00eb p\u00ebr t\u00eb p\u00ebrmbysur strategjin\u00eb e opozit\u00ebs shqiptare dhe p\u00ebr t\u00eb rr\u00ebzuar Ram\u00ebn.<\/p>\n<p>\u201cNe duam t\u00eb ndihmojm\u00eb n\u00eb zgjedhjen e nj\u00eb kryeministri q\u00eb \u00ebsht\u00eb nj\u00eb mik i v\u00ebrtet\u00eb i Shteteve t\u00eb Bashkuara dhe q\u00eb do t\u00eb punoj\u00eb me sukses me Presidentin Trump dhe Shtetet e Bashkuara\u201d, tha strategu amerikan, nd\u00ebrsa Berisha buz\u00ebqeshi n\u00eb an\u00ebn e tij n\u00eb konferenc\u00ebn p\u00ebr shtyp. Fraza, fraza, poza: demokrat\u00ebt shqiptar\u00eb, q\u00eb jan\u00eb t\u00eb djatht\u00eb k\u00ebtu, kopjojn\u00eb manjatin. P\u00ebrpjekja e par\u00eb kund\u00ebr Ram\u00ebs nga LaCivita nuk l\u00eb asnj\u00eb dyshim: \u201cKryeministri aktual nuk \u00ebsht\u00eb gj\u00eb tjet\u00ebr ve\u00e7se nj\u00eb kukull e George Soros\u201d.<\/p>\n<p>Shoq\u00ebrimi i rivalit me financierin hungarez, armik i v\u00ebrtet\u00eb i s\u00eb djatht\u00ebs n\u00eb Evrop\u00ebn Qendrore dhe n\u00eb Ballkanin Per\u00ebndimor, b\u00ebri q\u00eb Berisha&amp;co t\u00eb shp\u00ebrthej\u00eb nga g\u00ebzimi. Aq sa ish-kryeministri p\u00ebrs\u00ebriti t\u00eb nj\u00ebjtat fjal\u00eb n\u00eb Parlament: \u201cRama t\u00eb jap\u00eb dor\u00ebheqjen, \u00ebsht\u00eb nj\u00eb kukull Soros\u201d.<\/p>\n<p>Tashm\u00eb n\u00eb fjalorin e demokrat\u00ebve shqiptar\u00eb ka hyr\u00eb etiketimi \u201csorosian\u201d q\u00eb i \u00ebsht\u00eb v\u00ebn\u00eb Ram\u00ebs. \u201cBerisha e di q\u00eb p\u00ebr t\u00eb fituar duhet t\u00eb tregohet si kandidati m\u00eb amerikan\u201d, sqarojn\u00eb burime t\u00eb informuara. Pasi i uroi mir\u00ebseardhjen LaCivit\u00ebs, i cil\u00ebsuar n\u00eb konferenc\u00eb si \u201cnjeriu q\u00eb pati fatin e madh t\u2019i fliste kombit amerikan nga Mar-a-Lago\u201d, Berisha e di se rruga drejt qeverisjes kalon n\u00eb dy hapa vendimtar\u00eb.<\/p>\n<p>Para s\u00eb gjithash, me aft\u00ebsit\u00eb e guru-s\u00eb s\u00eb MAGA-s, duhet t\u2019i jepet nj\u00eb goditje e fort\u00eb elektorale Ram\u00ebs, sidomos tani q\u00eb \u00ebsht\u00eb n\u00eb v\u00ebshtir\u00ebsi p\u00ebr shkak t\u00eb arrestimit t\u00eb njeriut t\u00eb tij n\u00eb Tiran\u00eb. Pastaj, edhe m\u00eb e r\u00ebnd\u00ebsishmja, ai duhet t\u00eb krijoj\u00eb nj\u00eb lidhje t\u00eb v\u00ebrtet\u00eb me Trump. Tashm\u00eb president i Shqip\u00ebris\u00eb n\u00eb vitet n\u00ebnt\u00ebdhjet\u00eb, m\u00eb pas kryeminist\u00ebr nga viti 2005 deri n\u00eb vitin 2013, n\u00eb vitin 2021 Berisha u p\u00ebrcaktua si \u201cpersona non grata\u201d nga Shtetet e Bashkuara, me urdh\u00ebr t\u00eb administrat\u00ebs Biden. Ish-presidenti amerikan e sanksionoi s\u00eb bashku me gruan e tij p\u00ebr p\u00ebrfshirje n\u00eb nj\u00eb sistem korrupsioni n\u00eb Shqip\u00ebri.<\/p>\n<p>Nj\u00eb skem\u00eb e orkestruar nga Rama s\u00eb bashku me Sorosin \u00ebsht\u00eb shpjegimi i rrethit t\u00eb brendsh\u00ebm demokratik. Vet\u00eb LaCivita nuk ka dyshime: \u201cBerisha, ashtu si Donald Trump, u persekutua nga qeveria. Un\u00eb jam k\u00ebtu p\u00ebr t\u00eb ndihmuar, ne mund ta b\u00ebjm\u00eb Shqip\u00ebrin\u00eb t\u00eb madhe p\u00ebrs\u00ebri\u201d.<\/p>\n<p>Nd\u00ebrkoh\u00eb n\u00eb selin\u00eb e qeveris\u00eb Rama humbet durimin n\u00eb Instagram (n\u00eb rubrik\u00ebn e tij t\u00eb p\u00ebrditshme mbylli transmetimin e djesh\u00ebm duke b\u00ebrtitur \u201cshkoni q\u2026\u201d, p\u00ebr t\u00eb k\u00ebrkuar m\u00eb pas falje). N\u00eb p\u00ebrgjith\u00ebsi, socialisti q\u00eb p\u00eblqejn\u00eb sovranist\u00ebt nuk d\u00ebshiron m\u00eb t\u00eb d\u00ebgjoj\u00eb p\u00ebr qendra n\u00eb Shqip\u00ebri. Rama b\u00ebri maksimumin n\u00eb aperitiv\u00eb me kryeministren Meloni, n\u00eb dit\u00eblindjen e saj e nderoi me vello tradicionale shqiptare n\u00eb samitin e Arabis\u00eb Saudite, e quajti \u201cshoqe\u201d gjat\u00eb intervistave triumfale n\u00eb mediat italiane dhe europiane, shkoi n\u00eb Atreju p\u00ebr t\u00eb, antagonizoi socialist\u00ebt europian\u00eb. Dhe tani rrezikon t\u00eb humbas\u00eb. Ndaj kujt? Ndaj trumpian\u00ebve t\u00eb Shqip\u00ebris\u00eb.<\/p>\n<p>Rama nuk \u00ebsht\u00eb aty. Mendoni p\u00ebr vot\u00ebn q\u00eb po afron dhe l\u00ebrini mosmarr\u00ebveshjet p\u00ebr emigrant\u00ebt mes qeveris\u00eb italiane dhe gjyqtar\u00ebve. HuffPost iu tha se prioritetet e tij \u201csot dhe n\u00eb muajt e ardhsh\u00ebm do t\u00eb jen\u00eb shum\u00eb t\u00eb ndryshme\u201d. \u201cQendrat? K\u00ebto nuk jan\u00eb \u00e7\u00ebshtje elektorale \u2013 sqarojn\u00eb burimet shqiptare \u2013 dhe sondazhet, t\u00eb cilat ende i japin Ram\u00ebs ep\u00ebrsin\u00eb, mund t\u00eb ndryshojn\u00eb pas arrestimit t\u00eb kryebashkiakut t\u00eb Tiran\u00ebs. Ai konsiderohet numri dy i tij\u201d. Nj\u00ebzet e kat\u00ebr or\u00ebt e fundit kan\u00eb tronditur peizazhin politik shqiptar. P\u00ebr Ram\u00ebn, megjithat\u00eb, m\u00eb e keqja duket se nuk ka ardhur ende. Shqip\u00ebria mund t\u00eb b\u00ebhet nj\u00eb deg\u00eb MAGA n\u00eb Ballkan.<\/p>\n","protected":false},"excerpt":{"rendered":"<p>Nga\u00a0Guilio Ucciero,\u00a0HUFFINGTON POST MAGA: \u201cMake Albania Great Again\u201d. Harrojeni marr\u00ebveshjen me Italin\u00eb p\u00ebr qendrat e emigrant\u00ebve, t\u00eb zbritura n\u00eb faqet e pasme t\u00eb gazetave lokale. Zgjedhjet po i afrohen Shqip\u00ebris\u00eb, kryebashkiaku i Tiran\u00ebs \u2013 nj\u00eb njeri shum\u00eb i af\u00ebrt me Edi Ram\u00ebn \u2013 \u00ebsht\u00eb arrestuar dhe partia kryesore opozitare synon t\u00eb mund\u00eb kryeministrin socialist duke &hellip;<\/p>\n","protected":false},"author":4,"featured_media":104231,"comment_status":"closed","ping_status":"closed","sticky":false,"template":"","format":"standard","meta":{"footnotes":""},"categories":[37],"tags":[],"class_list":["post-104223","post","type-post","status-publish","format-standard","has-post-thumbnail","","category-politike"],"_links":{"self":[{"href":"https:\/\/rdnews.al\/index.php\/wp-json\/wp\/v2\/posts\/104223","targetHints":{"allow":["GET"]}}],"collection":[{"href":"https:\/\/rdnews.al\/index.php\/wp-json\/wp\/v2\/posts"}],"about":[{"href":"https:\/\/rdnews.al\/index.php\/wp-json\/wp\/v2\/types\/post"}],"author":[{"embeddable":true,"href":"https:\/\/rdnews.al\/index.php\/wp-json\/wp\/v2\/users\/4"}],"replies":[{"embeddable":true,"href":"https:\/\/rdnews.al\/index.php\/wp-json\/wp\/v2\/comments?post=104223"}],"version-history":[{"count":3,"href":"https:\/\/rdnews.al\/index.php\/wp-json\/wp\/v2\/posts\/104223\/revisions"}],"predecessor-version":[{"id":104232,"href":"https:\/\/rdnews.al\/index.php\/wp-json\/wp\/v2\/posts\/104223\/revisions\/104232"}],"wp:featuredmedia":[{"embeddable":true,"href":"https:\/\/rdnews.al\/index.php\/wp-json\/wp\/v2\/media\/104231"}],"wp:attachment":[{"href":"https:\/\/rdnews.al\/index.php\/wp-json\/wp\/v2\/media?parent=104223"}],"wp:term":[{"taxonomy":"category","embeddable":true,"href":"https:\/\/rdnews.al\/index.php\/wp-json\/wp\/v2\/categories?post=104223"},{"taxonomy":"post_tag","embeddable":true,"href":"https:\/\/rdnews.al\/index.php\/wp-json\/wp\/v2\/tags?post=104223"}],"curies":[{"name":"wp","href":"https:\/\/api.w.org\/{rel}","templated":true}]}}