{"id":104226,"date":"2025-02-12T09:28:38","date_gmt":"2025-02-12T09:28:38","guid":{"rendered":"https:\/\/rdnews.al\/?p=104226"},"modified":"2025-02-12T09:28:38","modified_gmt":"2025-02-12T09:28:38","slug":"rrefehet-bushka-pranon-bashkpunimin-me-veliajn-nderhyn-rama-po-e-tepron-me-ato-qe-thua","status":"publish","type":"post","link":"https:\/\/rdnews.al\/index.php\/2025\/02\/12\/rrefehet-bushka-pranon-bashkpunimin-me-veliajn-nderhyn-rama-po-e-tepron-me-ato-qe-thua\/","title":{"rendered":"Rr\u00ebfehet Bushka, pranon bashkpunimin me Veliajn, nd\u00ebrhyn Rama: Po e tepron me ato q\u00eb thua&#8230;"},"content":{"rendered":"<p>Klotilda Bushka nisi fjal\u00ebn mbrojt\u00ebse menj\u00ebher\u00eb pasi p\u00ebrfundoi Rama. Tregoi se ka njohje me Veliajn, k\u00ebshtu edhe me Ajola Xox\u00ebn. Tregoi se ka folur dhe ka nd\u00ebrhyr\u00eb p\u00ebr t\u00eb mbrojtur si kush\u00ebrir\u00ebn ashtu edhe shok\u00ebt e saj.<\/p>\n<p>Por, teksa po zb\u00ebrthente provat q\u00eb duhej t\u2019i b\u00ebj\u00eb n\u00eb prokurori, Bushka u nd\u00ebrpre nga Edi Rama, i cili sikur donte t\u2019i tregonte se po e tepronte me ato q\u00eb po fliste.<\/p>\n<p>E pasi ia mbylli goj\u00ebn Bushk\u00ebs, Rama nisi tregimet p\u00ebr veten duke larguar v\u00ebmendjen nga ajo q\u00eb v\u00ebrtet\u00eb duhet t\u00eb thoshte Bushka.<\/p>\n<p><strong>Fjala e Klotilda Bushk\u00ebs<\/strong><\/p>\n<p>Faleminderit q\u00eb m\u00eb dhat\u00eb mund\u00ebsi t\u00eb shprehem para jush. S\u00eb pari, p\u00ebrfshirjen e emrit tim n\u00eb hetimin ndaj Kryetarit Erion Veliaj, e kam m\u00ebsuar n\u00eb media nga deklaratat p\u00ebr shtyp e SPAK.<\/p>\n<p>N\u00eb cil\u00ebsin\u00eb e kryetares s\u00eb komisionit t\u00eb ligjeve, dhe si person q\u00eb i ka kushtuar jet\u00ebn lagjet dhe drejt\u00ebsis\u00eb, kam punua me dinjitet, ngjarjet e dit\u00ebve t\u00eb fundit, kan\u00eb treguar se institucionet e reja t\u00eb drejt\u00ebsis\u00eb t\u00eb krijuara nga Kuvendi dhe PS, kan\u00eb fituar vet\u00ebbesimin e mjaftuesh\u00ebm duke na \u00e7liruar nga nga pozicioni i moskomentimit t\u00eb \u00e7\u00ebshtjes.<\/p>\n<p>Premisa e dyt\u00eb lidhet me shqet\u00ebsimin e thell\u00eb p\u00ebr funksionimin e shtetit t\u00eb s\u00eb drejt\u00ebs, rolin e Kuvendit t\u00eb Shqip\u00ebris\u00eb, si garantuesi fundor i respektimit t\u00eb institucioneve.<\/p>\n<p>Kam p\u00ebrgjegj\u00ebsin\u00eb q\u00eb k\u00ebto shqet\u00ebsime ti ndaj me ju. \u00cbsht\u00eb e v\u00ebrtet\u00eb q\u00eb un\u00eb e njoh Ajola Xox\u00ebn, po kam bashk\u00ebpunuar me t\u00eb dhe para se t\u00eb b\u00ebhesha deputete dhe ky \u00ebsht\u00eb fakt. Erion Veliaj \u00ebsht\u00eb miku i f\u00ebmij\u00ebris\u00eb, jam krenar p\u00ebr pun\u00ebn q\u00eb kemi b\u00ebr\u00eb s\u00eb bashku dhe p\u00ebr transformimin e kryeqytetit.<\/p>\n<p>Kjo lidhje padyshim m\u00eb ka b\u00ebr\u00eb t\u00eb p\u00ebrjetoj\u00eb bashk\u00eb m\u00eb ta kalvarin e dit\u00ebve t\u00eb fundit, lin\u00e7imin publik q\u00eb ata kan\u00eb p\u00ebrballuar. Jo pak her\u00eb kam qen\u00eb pran\u00eb Ajol\u00ebs, duke e mb\u00ebshtetur jo vet\u00ebm si mike por edhe si kolege, n\u00eb nivelin njer\u00ebzor.<\/p>\n<p>Me Erionin kam folur m\u00eb rrall\u00eb, por n\u00eb \u00e7do rast i kam transmetuar besimin tim te e v\u00ebrteta, te drejt\u00ebsia. Pas kontrollit t\u00eb zyrave, banesave dhe thirrjes nga Prokuroria, disa persona jan\u00eb v\u00ebn\u00eb n\u00eb dijeni se ata jan\u00eb intimiduar, k\u00ebrc\u00ebnua p\u00ebr tu marr\u00eb d\u00ebshmin\u00eb.<\/p>\n","protected":false},"excerpt":{"rendered":"<p>Klotilda Bushka nisi fjal\u00ebn mbrojt\u00ebse menj\u00ebher\u00eb pasi p\u00ebrfundoi Rama. Tregoi se ka njohje me Veliajn, k\u00ebshtu edhe me Ajola Xox\u00ebn. Tregoi se ka folur dhe ka nd\u00ebrhyr\u00eb p\u00ebr t\u00eb mbrojtur si kush\u00ebrir\u00ebn ashtu edhe shok\u00ebt e saj. Por, teksa po zb\u00ebrthente provat q\u00eb duhej t\u2019i b\u00ebj\u00eb n\u00eb prokurori, Bushka u nd\u00ebrpre nga Edi Rama, i &hellip;<\/p>\n","protected":false},"author":4,"featured_media":104227,"comment_status":"closed","ping_status":"closed","sticky":false,"template":"","format":"standard","meta":{"footnotes":""},"categories":[37],"tags":[],"class_list":["post-104226","post","type-post","status-publish","format-standard","has-post-thumbnail","","category-politike"],"_links":{"self":[{"href":"https:\/\/rdnews.al\/index.php\/wp-json\/wp\/v2\/posts\/104226","targetHints":{"allow":["GET"]}}],"collection":[{"href":"https:\/\/rdnews.al\/index.php\/wp-json\/wp\/v2\/posts"}],"about":[{"href":"https:\/\/rdnews.al\/index.php\/wp-json\/wp\/v2\/types\/post"}],"author":[{"embeddable":true,"href":"https:\/\/rdnews.al\/index.php\/wp-json\/wp\/v2\/users\/4"}],"replies":[{"embeddable":true,"href":"https:\/\/rdnews.al\/index.php\/wp-json\/wp\/v2\/comments?post=104226"}],"version-history":[{"count":1,"href":"https:\/\/rdnews.al\/index.php\/wp-json\/wp\/v2\/posts\/104226\/revisions"}],"predecessor-version":[{"id":104228,"href":"https:\/\/rdnews.al\/index.php\/wp-json\/wp\/v2\/posts\/104226\/revisions\/104228"}],"wp:featuredmedia":[{"embeddable":true,"href":"https:\/\/rdnews.al\/index.php\/wp-json\/wp\/v2\/media\/104227"}],"wp:attachment":[{"href":"https:\/\/rdnews.al\/index.php\/wp-json\/wp\/v2\/media?parent=104226"}],"wp:term":[{"taxonomy":"category","embeddable":true,"href":"https:\/\/rdnews.al\/index.php\/wp-json\/wp\/v2\/categories?post=104226"},{"taxonomy":"post_tag","embeddable":true,"href":"https:\/\/rdnews.al\/index.php\/wp-json\/wp\/v2\/tags?post=104226"}],"curies":[{"name":"wp","href":"https:\/\/api.w.org\/{rel}","templated":true}]}}