{"id":104234,"date":"2025-02-12T09:41:58","date_gmt":"2025-02-12T09:41:58","guid":{"rendered":"https:\/\/rdnews.al\/?p=104234"},"modified":"2025-02-12T09:41:58","modified_gmt":"2025-02-12T09:41:58","slug":"arrestimi-i-veliajt-ka-sjelle-kaos-ne-ps","status":"publish","type":"post","link":"https:\/\/rdnews.al\/index.php\/2025\/02\/12\/arrestimi-i-veliajt-ka-sjelle-kaos-ne-ps\/","title":{"rendered":"Arrestimi i Veliajt ka sjell\u00eb kaos n\u00eb PS"},"content":{"rendered":"<p>Arrestimi i kryebashkiakut t\u00eb Tiran\u00ebs, Erion Veliaj ka sjell\u00eb kaos n\u00eb PS, k\u00ebshtu deklaroi juristi Ylli Manjani. Sipas Manjanit, arrestimi nuk se ishte i papritur, por mendohej i pabesuesh\u00ebm.<\/p>\n<p>&#8220;N\u00eb jet\u00ebn publike, Erion Veliaj nuk ka qen\u00eb njeri i p\u00eblqyer dhe kushdo q\u00eb merr p\u00ebrsip\u00ebr t\u00eb flas\u00eb rreth ngjarjes q\u00eb t\u00eb asociohet me Veliajn \u00ebsht\u00eb i kritikuesh\u00ebm.<\/p>\n<p>N\u00eb jet\u00ebn publike ky personazh ka provokuar jo dashamir\u00ebsi.<\/p>\n<p>Nj\u00eb gj\u00eb \u00ebsht\u00eb e v\u00ebrtet\u00eb q\u00eb brenda PS-s\u00eb ka nj\u00eb trullosje masive pas arrestimit. Jo se ishte i papritur, por i pabesuesh\u00ebm. Kur u konfirmua un\u00eb vet\u00eb kam kontaktuar me disa personazhe dhe kam v\u00ebn\u00eb re q\u00eb ka nj\u00eb trullosje.<\/p>\n<p>\u00c7far\u00eb po ndodh, po kontribuojm\u00eb q\u00eb t\u00eb shkojm\u00eb n\u00eb burg, thon\u00eb ata te oborri? Dhe kjo provokon reagime nervoze dhe paqart\u00ebsi edhe pse mendoj se Rama me k\u00ebto l\u00ebvizjet e tij kaotike ka dh\u00ebn\u00eb disa mesazhe.<\/p>\n<p>Asnj\u00eb skenar nuk p\u00ebrjashtohet.<\/p>\n<p>Dua t\u00eb ndaj dy gj\u00ebra. Kur thua arrest \u00ebsht\u00eb nj\u00eb ngjarje shokuese, emergjence, e menj\u00ebhershme. Ky \u00ebsht\u00eb kuptimi klasik i arrestit. Kur fillon e merresh me di\u00e7ka t\u00eb s\u00eb shkuar\u00ebs, q\u00eb e merr me terezi, q\u00eb ka koh\u00eb, vendos interpretimin m\u00eb shum\u00eb se faktin e prov\u00ebs, arresti vihet n\u00eb pik\u00ebpyetje dhe kjo \u00ebsht\u00eb pik\u00ebpamja ime, pavar\u00ebsisht nga njeriu q\u00eb \u00ebsht\u00eb p\u00ebrball\u00eb.<\/p>\n<p>M\u00eb vjen shum\u00eb mir\u00eb. E mbani mend dikur q\u00eb thoshte Rama, marr frym\u00eb thell\u00eb? Ky \u00ebsht\u00eb momenti q\u00eb t\u00eb marrim ne tani frym\u00eb thell\u00eb. Sepse po ju ndodh at\u00eb q\u00eb i kan\u00eb b\u00ebr\u00eb t\u00eb tjer\u00ebve.<\/p>\n<p>Masa e arrestit me burg \u00ebsht\u00eb ekstreme, e cila merret ose n\u00eb flagranc\u00eb, ose n\u00eb rrethana jasht\u00ebzakonisht specifike, sepse nuk ke rrug\u00eb tjet\u00ebr&#8221;,\u00a0tha nd\u00ebr t\u00eb tjera, Ylli Manjani n\u00eb SYRI TV<\/p>\n","protected":false},"excerpt":{"rendered":"<p>Arrestimi i kryebashkiakut t\u00eb Tiran\u00ebs, Erion Veliaj ka sjell\u00eb kaos n\u00eb PS, k\u00ebshtu deklaroi juristi Ylli Manjani. Sipas Manjanit, arrestimi nuk se ishte i papritur, por mendohej i pabesuesh\u00ebm. &#8220;N\u00eb jet\u00ebn publike, Erion Veliaj nuk ka qen\u00eb njeri i p\u00eblqyer dhe kushdo q\u00eb merr p\u00ebrsip\u00ebr t\u00eb flas\u00eb rreth ngjarjes q\u00eb t\u00eb asociohet me Veliajn \u00ebsht\u00eb &hellip;<\/p>\n","protected":false},"author":4,"featured_media":104125,"comment_status":"closed","ping_status":"closed","sticky":false,"template":"","format":"standard","meta":{"footnotes":""},"categories":[37],"tags":[],"class_list":["post-104234","post","type-post","status-publish","format-standard","has-post-thumbnail","","category-politike"],"_links":{"self":[{"href":"https:\/\/rdnews.al\/index.php\/wp-json\/wp\/v2\/posts\/104234","targetHints":{"allow":["GET"]}}],"collection":[{"href":"https:\/\/rdnews.al\/index.php\/wp-json\/wp\/v2\/posts"}],"about":[{"href":"https:\/\/rdnews.al\/index.php\/wp-json\/wp\/v2\/types\/post"}],"author":[{"embeddable":true,"href":"https:\/\/rdnews.al\/index.php\/wp-json\/wp\/v2\/users\/4"}],"replies":[{"embeddable":true,"href":"https:\/\/rdnews.al\/index.php\/wp-json\/wp\/v2\/comments?post=104234"}],"version-history":[{"count":1,"href":"https:\/\/rdnews.al\/index.php\/wp-json\/wp\/v2\/posts\/104234\/revisions"}],"predecessor-version":[{"id":104235,"href":"https:\/\/rdnews.al\/index.php\/wp-json\/wp\/v2\/posts\/104234\/revisions\/104235"}],"wp:featuredmedia":[{"embeddable":true,"href":"https:\/\/rdnews.al\/index.php\/wp-json\/wp\/v2\/media\/104125"}],"wp:attachment":[{"href":"https:\/\/rdnews.al\/index.php\/wp-json\/wp\/v2\/media?parent=104234"}],"wp:term":[{"taxonomy":"category","embeddable":true,"href":"https:\/\/rdnews.al\/index.php\/wp-json\/wp\/v2\/categories?post=104234"},{"taxonomy":"post_tag","embeddable":true,"href":"https:\/\/rdnews.al\/index.php\/wp-json\/wp\/v2\/tags?post=104234"}],"curies":[{"name":"wp","href":"https:\/\/api.w.org\/{rel}","templated":true}]}}