{"id":104236,"date":"2025-02-12T09:48:03","date_gmt":"2025-02-12T09:48:03","guid":{"rendered":"https:\/\/rdnews.al\/?p=104236"},"modified":"2025-02-12T09:48:03","modified_gmt":"2025-02-12T09:48:03","slug":"rama-urdheron-dumanin-mbylli-gojen-gjyqtarit-po-na-nxjerr-bisedat-sekrete-dhe-provat-e-krimit","status":"publish","type":"post","link":"https:\/\/rdnews.al\/index.php\/2025\/02\/12\/rama-urdheron-dumanin-mbylli-gojen-gjyqtarit-po-na-nxjerr-bisedat-sekrete-dhe-provat-e-krimit\/","title":{"rendered":"Rama urdh\u00ebron Dumanin: Mbylli goj\u00ebn gjyqtarit, po na nxjerr bisedat sekrete dhe provat e krimit"},"content":{"rendered":"<p>Kryeministri Edi Rama \u00ebsht\u00eb shprehur se dy gjyqtar\u00eb n\u00eb Gjykat\u00ebn kund\u00ebr Krimit t\u00eb Organizuar dhe Korrupsionit jan\u00eb \u201ckamikaz\u00eb t\u00eb Partis\u00eb Demokratike\u201d dhe p\u00ebr k\u00ebt\u00eb problem duhet t\u00eb merret kreu i SPAK, Altin Dumani.<\/p>\n<p>Rama iu referua gjyqtarit Erion Bani, i cili firmosi dy dit\u00eb m\u00eb par\u00eb arrestimin e kryebashkiakut t\u00eb Tiran\u00ebs, Erion Veliaj dhe nj\u00eb kolegu t\u00eb tij q\u00eb sipas kryeministrit i jep kryedemokratit Sali Berisha informacione nga bisedat e realizuara n\u00eb EncroChat q\u00eb rezultojn\u00eb n\u00eb dosjet e SPAK.<\/p>\n<p>\u201c\u00cbsht\u00eb njeri me em\u00ebr dhe mbiem\u00ebr se e verifikova. Ju d\u00ebgjova me v\u00ebmendje n\u00eb k\u00ebt\u00eb diskutimin nga dje dhe sot. Jam dashamir\u00ebs brenda vath\u00ebs kur nj\u00eb i quajtur X.Y. merr urdhra nga Y.X. Nuk po ia them emrin, por ka dhe di\u00e7ka tjet\u00ebr q\u00eb nuk e that\u00eb. E b\u00ebt\u00eb pyetjen pse tani dhe jo m\u00eb par\u00eb. Pse dy jav\u00eb, nj\u00eb muaj m\u00eb par\u00eb p\u00ebrshembull? Sepse tani ishte i gatsh\u00ebm i nj\u00ebjti gjyqtar, i angazhuar n\u00eb t\u00eb gjitha \u00e7\u00ebshtjet e ve\u00e7anta me target njer\u00ebzit tuaj. Gjyqtar\u00ebt si prokuror\u00ebt krahas shorteve elektronike p\u00ebr menaxhimin e pun\u00ebs organizohen edhe n\u00eb jav\u00eb dhe dit\u00eb gatishm\u00ebrie p\u00ebr k\u00ebrkesa t\u00eb ngutshme dhe ngjarje q\u00eb kan\u00eb nevoj\u00eb t\u00eb trajtohen p\u00ebrmes veprimeve t\u00eb menj\u00ebhershme.<\/p>\n<p>Jo, Nesti\u2026ishte aty q\u00eb n\u00eb shkurtin e kaluar. Qartazi \u00ebsht\u00eb selektuar gjyqtari n\u00eb k\u00ebt\u00eb rast dhe iu informoj se gjyqtar\u00ebt e t\u00eb tjer\u00eb nuk kan\u00eb pranuar q\u00eb t\u2019i rrinte t\u00eb nj\u00ebjt\u00ebs k\u00ebrkes\u00eb p\u00ebr arrest sepse gjyqtari mund vet\u00ebm t\u00eb zbus\u00eb mas\u00ebn e k\u00ebrkuara nga prokurori dhe jo ta ashp\u00ebrsoj\u00eb. Por edhe pse ju ligjin e keni b\u00ebr\u00eb p\u00ebr nj\u00eb garanci m\u00eb shum\u00eb n\u00eb fakt keni garantuar at\u00eb 100 p\u00ebrqind\u00ebshin e vulosjeve t\u00eb k\u00ebrkesave t\u00eb prokuroris\u00eb.<\/p>\n<p>Ky gjyqtar e ka nisur karrier\u00ebn si koleg zyre me ( k\u00ebt\u00eb emrin s\u2019po e them se e keni n\u00eb parlament) kur ishte minist\u00ebr i Drejt\u00ebsis\u00eb Eduart Halimi. Pastaj p\u00ebrfundoi n\u00eb GJKKO. Ky dhe nj\u00eb tjet\u00ebr nga qyteti X i njohur familjarisht si ekstremisht t\u00eb djatht\u00eb kan\u00eb trajtuar m\u00eb s\u00eb shumti k\u00ebrkesa p\u00ebr eksponent\u00eb t\u00eb PS.\u00a0 Disa her\u00eb n\u00eb vendimet e tyre disa her\u00eb e kan\u00eb kaluar cakun e gjyqtarit duke b\u00ebr\u00eb konsiderata q\u00eb ligji nuk ua lejon dhe duke k\u00ebrkuar ashp\u00ebrsimin e masave t\u00eb k\u00ebrkuara nga prokuror\u00ebt. P\u00ebrshembull trajtohet edhe p\u00ebr k\u00ebt\u00eb vep\u00ebr pse do t\u00eb ishte mir\u00eb t\u00eb k\u00ebrkohej kjo mas\u00eb nga prokuroria. I till\u00eb \u00ebsht\u00eb edhe rasti X q\u00eb diskutohet shum\u00eb si skandal n\u00eb t\u00eb gjitha rrethet e jurist\u00ebve.<\/p>\n<p>S\u00eb dyti, i nj\u00ebjti gjyqtar \u00ebsht\u00eb gjyqtari paraprak p\u00ebr dosjen Toyota Yaris. Vet\u00ebm nj\u00eb fakt, ka urdh\u00ebruar ndalim publikim t\u00eb vendimit t\u00eb tij gj\u00eb q\u00eb nuk e b\u00ebn, por b\u00ebn t\u00eb kund\u00ebrt\u00ebn p\u00ebr raste kur duhet t\u00eb p\u00ebrbalten njer\u00ebz t\u00eb PS p\u00ebr shkak se p\u00ebrmenden shum\u00eb koleg\u00eb t\u00eb tyre. Por ama dit\u00ebn e par\u00eb, vendimin e pati n\u00eb dor\u00eb prap\u00eb nj\u00ebri q\u00eb e keni n\u00eb parlament dhe tani e ka bufi i k\u00ebnet\u00ebs q\u00eb ua lexon shqiptar\u00ebve komunikimet nga EncroChat n\u00eb parlament. T\u00eb gjitha jan\u00eb pjes\u00eb e p\u00ebrmbajtjes s\u00eb k\u00ebtij vendimi gjyq\u00ebsor i ndaluar p\u00ebr t\u2019u publikuar. Kjo \u00ebsht\u00eb vep\u00ebr penale. Pra, b\u00ebhet fjal\u00eb p\u00ebr dy kamikaz\u00eb t\u00eb Partis\u00eb Demokratike n\u00eb GJKKO q\u00eb s\u2019e kan\u00eb asnj\u00eb problem ta shprehin n\u00eb mjedisin ton\u00eb k\u00ebnaq\u00ebsin\u00eb e t\u00eb marrit n\u00eb dor\u00eb t\u00eb k\u00ebtij dhe atij duke th\u00ebn\u00eb q\u00eb ne do t\u2019i shkrijm\u00eb\u201d, tha Rama.<\/p>\n","protected":false},"excerpt":{"rendered":"<p>Kryeministri Edi Rama \u00ebsht\u00eb shprehur se dy gjyqtar\u00eb n\u00eb Gjykat\u00ebn kund\u00ebr Krimit t\u00eb Organizuar dhe Korrupsionit jan\u00eb \u201ckamikaz\u00eb t\u00eb Partis\u00eb Demokratike\u201d dhe p\u00ebr k\u00ebt\u00eb problem duhet t\u00eb merret kreu i SPAK, Altin Dumani. Rama iu referua gjyqtarit Erion Bani, i cili firmosi dy dit\u00eb m\u00eb par\u00eb arrestimin e kryebashkiakut t\u00eb Tiran\u00ebs, Erion Veliaj dhe nj\u00eb &hellip;<\/p>\n","protected":false},"author":4,"featured_media":69661,"comment_status":"closed","ping_status":"closed","sticky":false,"template":"","format":"standard","meta":{"footnotes":""},"categories":[37],"tags":[],"class_list":["post-104236","post","type-post","status-publish","format-standard","has-post-thumbnail","","category-politike"],"_links":{"self":[{"href":"https:\/\/rdnews.al\/index.php\/wp-json\/wp\/v2\/posts\/104236","targetHints":{"allow":["GET"]}}],"collection":[{"href":"https:\/\/rdnews.al\/index.php\/wp-json\/wp\/v2\/posts"}],"about":[{"href":"https:\/\/rdnews.al\/index.php\/wp-json\/wp\/v2\/types\/post"}],"author":[{"embeddable":true,"href":"https:\/\/rdnews.al\/index.php\/wp-json\/wp\/v2\/users\/4"}],"replies":[{"embeddable":true,"href":"https:\/\/rdnews.al\/index.php\/wp-json\/wp\/v2\/comments?post=104236"}],"version-history":[{"count":1,"href":"https:\/\/rdnews.al\/index.php\/wp-json\/wp\/v2\/posts\/104236\/revisions"}],"predecessor-version":[{"id":104237,"href":"https:\/\/rdnews.al\/index.php\/wp-json\/wp\/v2\/posts\/104236\/revisions\/104237"}],"wp:featuredmedia":[{"embeddable":true,"href":"https:\/\/rdnews.al\/index.php\/wp-json\/wp\/v2\/media\/69661"}],"wp:attachment":[{"href":"https:\/\/rdnews.al\/index.php\/wp-json\/wp\/v2\/media?parent=104236"}],"wp:term":[{"taxonomy":"category","embeddable":true,"href":"https:\/\/rdnews.al\/index.php\/wp-json\/wp\/v2\/categories?post=104236"},{"taxonomy":"post_tag","embeddable":true,"href":"https:\/\/rdnews.al\/index.php\/wp-json\/wp\/v2\/tags?post=104236"}],"curies":[{"name":"wp","href":"https:\/\/api.w.org\/{rel}","templated":true}]}}