{"id":104245,"date":"2025-02-12T11:17:26","date_gmt":"2025-02-12T11:17:26","guid":{"rendered":"https:\/\/rdnews.al\/?p=104245"},"modified":"2025-02-12T11:17:26","modified_gmt":"2025-02-12T11:17:26","slug":"erion-veliaj-te-shkarkohet-tirana-te-shkoje-ne-zgjedhje-rama-uzurpon-bashkine-e-tiranes","status":"publish","type":"post","link":"https:\/\/rdnews.al\/index.php\/2025\/02\/12\/erion-veliaj-te-shkarkohet-tirana-te-shkoje-ne-zgjedhje-rama-uzurpon-bashkine-e-tiranes\/","title":{"rendered":"Erion Veliaj t\u00eb shkarkohet, Tirana t\u00eb shkoj\u00eb n\u00eb zgjedhje, Rama uzurpon bashkin\u00eb e Tiran\u00ebs!"},"content":{"rendered":"<p><strong>Deklarata e Ilir Alimehmetit, Kryetar i K\u00ebshilltar\u00ebve Bashkiak\u00eb t\u00eb PD n\u00eb Bashkin\u00eb e Tiran\u00ebs <\/strong><\/p>\n<p>T\u00eb nderuar qytetar\u00eb t\u00eb Tiran\u00ebs e t\u00eb Shqip\u00ebris\u00eb!<\/p>\n<p>Dje t\u00eb gjith\u00eb ne pam\u00eb \u2018mbrojtjen\u2019 e ish-Kryetarit t\u00eb Bashkis\u00eb, Erion Veliaj, nga ana e Kryeministrit, Edi Rama, dhe se si kjo \u2018mbrojtje\u2019 n\u00eb fakt kishte q\u00ebllimin e kapjes s\u00eb pushtetit vendor nga vet\u00eb Kryeministri.<\/p>\n<p>Haptas ai deklaroi se do t\u00eb jet\u00eb \u2018Kryetari n\u00eb distanc\u00eb i Bashkis\u00eb Tiran\u00eb\u2019 n\u00eb kund\u00ebrshtim t\u00eb plot\u00eb t\u00eb Kushtetut\u00ebs dhe t\u00eb \u00e7do ligji n\u00eb fuqi n\u00eb Shqip\u00ebri apo n\u00eb Per\u00ebndim.<\/p>\n<p>Haptas ai gjithashtu em\u00ebroi edhe Kryetaren e Deleguar t\u00eb Bashkis\u00eb Tiran\u00eb, s\u00ebrish n\u00eb kund\u00ebrshtim t\u00eb plot\u00eb t\u00eb Kushtetut\u00ebs dhe t\u00eb \u00e7do ligji n\u00eb fuqi.<\/p>\n<p>Shum\u00eb qart\u00eb \u00ebsht\u00eb e p\u00ebrcaktuar se pushteti qendror dhe pushteti vendor jan\u00eb t\u00eb pavarur nga nj\u00ebri-tjetri dhe p\u00ebrcaktimi i drejtuesve t\u00eb tyre vjen vet\u00ebm p\u00ebrmes vot\u00ebs dhe organeve p\u00ebrfaq\u00ebsuese t\u00eb zgjedhur p\u00ebrmes saj.<\/p>\n<p>Shum\u00eb qart\u00eb, ligji 139\/2015, neni 7 citon se: \u2018Organi p\u00ebrfaq\u00ebsues i Bashkis\u00eb \u00ebsht\u00eb K\u00ebshilli Bashkiak.\u2019<\/p>\n<p>Shum\u00eb qart\u00eb, neni 54 i t\u00eb nj\u00ebjtit ligj citon se: \u2018K\u00ebshilli Bashkiak mbron dhe garanton interesin publik.\u2019<\/p>\n<p>Kjo do t\u00eb thot\u00eb, shum\u00eb qart\u00eb, se detyra n\u00eb k\u00ebt\u00eb rast i takon Kryetares s\u00eb K\u00ebshillit Bashkiak, znj. Romina Kuko, e cila hesht, si edhe 60 an\u00ebtar\u00ebve t\u00eb tjer\u00eb t\u00eb K\u00ebshillit Bashkiak t\u00eb zgjedhur p\u00ebrmes vot\u00ebs.<\/p>\n<p>Me k\u00ebt\u00eb sjellje Edi Rama, nuk \u00ebsht\u00eb sjell\u00eb si Kryeminist\u00ebr, madje as si Kryetar i nj\u00eb Partie, por si Kryetar i nj\u00eb Partie-Shtet, si\u00e7 ka b\u00ebr\u00eb prej kohesh n\u00ebn ndikimin dhe mb\u00ebshtetjen e vazhdueshme t\u00eb dy Soros\u00ebve.<\/p>\n<p>Pse e ka k\u00ebt\u00eb sjellje antikushtetuese Kryeministri?<\/p>\n<p>Sepse \u00ebsht\u00eb i qart\u00eb q\u00eb zhvatja e Tiran\u00ebs dhe e qytetar\u00ebve t\u00eb saj nuk \u00ebsht\u00eb kryer vet\u00ebm nga ish-Kryetari i Bashkis\u00eb, Veliaj, n\u00eb m\u00ebnyr\u00eb t\u00eb izoluar, por me bekimin, mb\u00ebshtetjen dhe interesin e p\u00ebrbashk\u00ebt t\u00eb tij.<\/p>\n<p>Sepse ai \u00ebsht\u00eb i qart\u00eb se burgosja e numrit 2 de facto t\u00eb Partis\u00eb Socialiste, Veliaj, \u00ebsht\u00eb goditje e fort\u00eb p\u00ebr k\u00ebt\u00eb parti dhe vet\u00eb Kryetarin e saj.<\/p>\n<p>Sepse ai \u00ebsht\u00eb i qart\u00eb q\u00eb duhet t\u00eb zbus\u00eb \u2018kryengritjen\u2019 brenda kampit t\u00eb tij socialist pas l\u00ebshimit t\u00eb numrit 2 te radh\u00ebs, si\u00e7 beri me numrin 2 t\u00eb qeveris\u00eb, Ahmetaj.<\/p>\n<p>Sepse ai \u00ebsht\u00eb i qart\u00eb q\u00eb situata politike brenda kampit socialist po i rr\u00ebshket nga kontrolli, tre muaj p\u00ebrpara zgjedhjeve parlamentare.<\/p>\n<p>K\u00ebto veprime jan\u00eb vet\u00ebm n\u00eb interes t\u00eb vet\u00eb Kryeministrit dhe t\u00eb askujt tjet\u00ebr.<\/p>\n<p>Ne k\u00ebrkojm\u00eb t\u00eb p\u00ebrdoret i nj\u00ebjti standard q\u00eb \u00ebsht\u00eb p\u00ebrdorur n\u00eb rastin e Elvis Roshi n\u00eb Kavaj\u00eb, \u00a0Shukri Xhelili n\u00eb Dib\u00ebr, Safet Gjici n\u00eb Kuk\u00ebs, Jorgo Goro n\u00eb Himar\u00eb, etj. P\u00ebr shkelje n\u00eb magnitud\u00eb shum\u00eb m\u00eb t\u00eb ul\u00ebt se Veliaj, k\u00ebta ish-kryetar\u00eb bashkish jan\u00eb shkarkuar ose u \u00ebsht\u00eb k\u00ebrkuar dor\u00ebheqja, p\u00ebr t\u2019ju hapur rrug\u00eb zgjedhjeve vendore, si\u00e7 p\u00ebrcaktohet me ligj.<\/p>\n<p>Pra, k\u00ebrkojm\u00eb, konform Kushtetut\u00ebs dhe ligjit, shkarkimin e ish-Kryetarit t\u00eb Bashkis\u00eb Tiran\u00eb, dhe zgjidhjen e problemit t\u00eb krijuar nga dyshja Rama-Veliaj p\u00ebrmes vot\u00ebs s\u00eb lir\u00eb t\u00eb qytetar\u00ebve t\u00eb vjedhur t\u00eb Tiran\u00ebs.<\/p>\n<p>Tirana ka nevoj\u00eb p\u00ebr zgjidhje t\u00eb fort\u00eb, t\u00eb q\u00ebndrueshme dhe Ndryshim. K\u00ebt\u00eb zgjidhje nuk e ofron Rilindja q\u00eb solli vdekjen klinike t\u00eb saj.<\/p>\n<p>Tirana duhet t\u00eb merret nga hajdut\u00ebt dhe t\u00eb kthehet te qytetar\u00ebt!<\/p>\n","protected":false},"excerpt":{"rendered":"<p>Deklarata e Ilir Alimehmetit, Kryetar i K\u00ebshilltar\u00ebve Bashkiak\u00eb t\u00eb PD n\u00eb Bashkin\u00eb e Tiran\u00ebs T\u00eb nderuar qytetar\u00eb t\u00eb Tiran\u00ebs e t\u00eb Shqip\u00ebris\u00eb! Dje t\u00eb gjith\u00eb ne pam\u00eb \u2018mbrojtjen\u2019 e ish-Kryetarit t\u00eb Bashkis\u00eb, Erion Veliaj, nga ana e Kryeministrit, Edi Rama, dhe se si kjo \u2018mbrojtje\u2019 n\u00eb fakt kishte q\u00ebllimin e kapjes s\u00eb pushtetit vendor nga &hellip;<\/p>\n","protected":false},"author":4,"featured_media":104246,"comment_status":"closed","ping_status":"closed","sticky":false,"template":"","format":"standard","meta":{"footnotes":""},"categories":[37],"tags":[],"class_list":["post-104245","post","type-post","status-publish","format-standard","has-post-thumbnail","","category-politike"],"_links":{"self":[{"href":"https:\/\/rdnews.al\/index.php\/wp-json\/wp\/v2\/posts\/104245","targetHints":{"allow":["GET"]}}],"collection":[{"href":"https:\/\/rdnews.al\/index.php\/wp-json\/wp\/v2\/posts"}],"about":[{"href":"https:\/\/rdnews.al\/index.php\/wp-json\/wp\/v2\/types\/post"}],"author":[{"embeddable":true,"href":"https:\/\/rdnews.al\/index.php\/wp-json\/wp\/v2\/users\/4"}],"replies":[{"embeddable":true,"href":"https:\/\/rdnews.al\/index.php\/wp-json\/wp\/v2\/comments?post=104245"}],"version-history":[{"count":1,"href":"https:\/\/rdnews.al\/index.php\/wp-json\/wp\/v2\/posts\/104245\/revisions"}],"predecessor-version":[{"id":104247,"href":"https:\/\/rdnews.al\/index.php\/wp-json\/wp\/v2\/posts\/104245\/revisions\/104247"}],"wp:featuredmedia":[{"embeddable":true,"href":"https:\/\/rdnews.al\/index.php\/wp-json\/wp\/v2\/media\/104246"}],"wp:attachment":[{"href":"https:\/\/rdnews.al\/index.php\/wp-json\/wp\/v2\/media?parent=104245"}],"wp:term":[{"taxonomy":"category","embeddable":true,"href":"https:\/\/rdnews.al\/index.php\/wp-json\/wp\/v2\/categories?post=104245"},{"taxonomy":"post_tag","embeddable":true,"href":"https:\/\/rdnews.al\/index.php\/wp-json\/wp\/v2\/tags?post=104245"}],"curies":[{"name":"wp","href":"https:\/\/api.w.org\/{rel}","templated":true}]}}