{"id":104251,"date":"2025-02-12T11:25:26","date_gmt":"2025-02-12T11:25:26","guid":{"rendered":"https:\/\/rdnews.al\/?p=104251"},"modified":"2025-02-12T11:48:10","modified_gmt":"2025-02-12T11:48:10","slug":"kryesia-e-pd-merr-vendimin-zbardhet-data-kur-do-te-mbahen-primaret","status":"publish","type":"post","link":"https:\/\/rdnews.al\/index.php\/2025\/02\/12\/kryesia-e-pd-merr-vendimin-zbardhet-data-kur-do-te-mbahen-primaret\/","title":{"rendered":"Kryesia e PD merr vendimin p\u00ebr primaret"},"content":{"rendered":"<p><strong>PD m\u00eb 1 mars, do t\u00eb zhvilloj\u00eb primaret.<\/strong><\/p>\n<p>Vendimi \u00ebsht\u00eb marr\u00eb nga kryesia e \u00a0PD, n\u00eb mbledhjen e s\u00eb mart\u00ebs s\u00eb 11 shkurtit,\u00a0ku ka vendosur q\u00eb kjo gar\u00eb p\u00ebr p\u00ebrzgjedhjen e kandidat\u00ebve p\u00ebr deputet nga radh\u00ebt e demokrat\u00ebve, t\u00eb realizohet\u00a0n\u00eb nivel qarku.<\/p>\n<p>Tre propozimet kan\u00eb qen\u00eb: zhvillim i primareve n\u00eb nivel dege t\u00eb PD, n\u00eb nivel qarku, dhe komb\u00ebtare. Ajo q\u00eb \u00ebsht\u00eb zgjedhur \u00ebsht\u00eb n\u00eb nivel qarku.<\/p>\n<p>N\u00eb mbledhjen e djeshme \u00ebsht\u00eb diskutuar edhe rregullorja e primareve, ku k\u00ebto do t\u00eb jen\u00eb primare kualifikuese.<\/p>\n<p>Referuar vendimit t\u00eb Kryesis\u00eb, secili qark do t\u00eb ket\u00eb specifikat apo rregulloren e vet, n\u00eb baz\u00eb t\u00eb numrit t\u00eb popullsis\u00eb, an\u00ebtar\u00ebve t\u00eb PD-s\u00eb, dhe numrit t\u00eb kandidat\u00ebve.<\/p>\n<p>Ata t\u00eb cil\u00ebt kalojn\u00eb pragun (secili qark do t\u00eb ket\u00eb nj\u00eb prag), kualifikohen dhe emrat e tyre do t\u00eb vijn\u00eb n\u00eb Kryesin\u00eb e PD-s\u00eb. M\u00eb pas do t\u00eb jet\u00eb Kryesia e PD q\u00eb do t\u00eb vendos\u00eb, se cili kandidat do t\u00eb jet\u00eb n\u00eb listat e mbyllura dhe t\u00eb hapura.<\/p>\n<p>Ky vendim m\u00eb pas do duhet t\u00eb kaloj\u00eb edhe n\u00eb Keshillin Komb\u00ebtar.<\/p>\n","protected":false},"excerpt":{"rendered":"<p>PD m\u00eb 1 mars, do t\u00eb zhvilloj\u00eb primaret. Vendimi \u00ebsht\u00eb marr\u00eb nga kryesia e \u00a0PD, n\u00eb mbledhjen e s\u00eb mart\u00ebs s\u00eb 11 shkurtit,\u00a0ku ka vendosur q\u00eb kjo gar\u00eb p\u00ebr p\u00ebrzgjedhjen e kandidat\u00ebve p\u00ebr deputet nga radh\u00ebt e demokrat\u00ebve, t\u00eb realizohet\u00a0n\u00eb nivel qarku. Tre propozimet kan\u00eb qen\u00eb: zhvillim i primareve n\u00eb nivel dege t\u00eb PD, n\u00eb &hellip;<\/p>\n","protected":false},"author":4,"featured_media":104252,"comment_status":"closed","ping_status":"closed","sticky":false,"template":"","format":"standard","meta":{"footnotes":""},"categories":[37],"tags":[],"class_list":["post-104251","post","type-post","status-publish","format-standard","has-post-thumbnail","","category-politike"],"_links":{"self":[{"href":"https:\/\/rdnews.al\/index.php\/wp-json\/wp\/v2\/posts\/104251","targetHints":{"allow":["GET"]}}],"collection":[{"href":"https:\/\/rdnews.al\/index.php\/wp-json\/wp\/v2\/posts"}],"about":[{"href":"https:\/\/rdnews.al\/index.php\/wp-json\/wp\/v2\/types\/post"}],"author":[{"embeddable":true,"href":"https:\/\/rdnews.al\/index.php\/wp-json\/wp\/v2\/users\/4"}],"replies":[{"embeddable":true,"href":"https:\/\/rdnews.al\/index.php\/wp-json\/wp\/v2\/comments?post=104251"}],"version-history":[{"count":2,"href":"https:\/\/rdnews.al\/index.php\/wp-json\/wp\/v2\/posts\/104251\/revisions"}],"predecessor-version":[{"id":104262,"href":"https:\/\/rdnews.al\/index.php\/wp-json\/wp\/v2\/posts\/104251\/revisions\/104262"}],"wp:featuredmedia":[{"embeddable":true,"href":"https:\/\/rdnews.al\/index.php\/wp-json\/wp\/v2\/media\/104252"}],"wp:attachment":[{"href":"https:\/\/rdnews.al\/index.php\/wp-json\/wp\/v2\/media?parent=104251"}],"wp:term":[{"taxonomy":"category","embeddable":true,"href":"https:\/\/rdnews.al\/index.php\/wp-json\/wp\/v2\/categories?post=104251"},{"taxonomy":"post_tag","embeddable":true,"href":"https:\/\/rdnews.al\/index.php\/wp-json\/wp\/v2\/tags?post=104251"}],"curies":[{"name":"wp","href":"https:\/\/api.w.org\/{rel}","templated":true}]}}