{"id":104300,"date":"2025-02-12T16:46:28","date_gmt":"2025-02-12T16:46:28","guid":{"rendered":"https:\/\/rdnews.al\/?p=104300"},"modified":"2025-02-12T16:46:28","modified_gmt":"2025-02-12T16:46:28","slug":"qeveri-teknike-shtyrje-e-zgjedhjeve","status":"publish","type":"post","link":"https:\/\/rdnews.al\/index.php\/2025\/02\/12\/qeveri-teknike-shtyrje-e-zgjedhjeve\/","title":{"rendered":"Qeveri teknike, shtyrje e zgjedhjeve!"},"content":{"rendered":"<p><strong>Nga Milaim NELA<\/strong><\/p>\n<p>Ardhja e Chris LaCivita n\u00eb krye t\u00eb fushat\u00ebs s\u00eb Partis\u00eb Demokratike jep nj\u00eb mesazh t\u00eb fort\u00eb t\u00eb ndryshimit t\u00eb politik\u00ebs Amerikane ndaj Shqip\u00ebris\u00eb. Kjo \u00ebsht\u00eb e padiskutueshme.<\/p>\n<p>Por, t\u00eb mos kemi as iluzionin m\u00eb t\u00eb vog\u00ebl se ata do ta b\u00ebjn\u00eb Partin\u00eb Demokratike t\u00eb zgjedhshme apo t\u00eb p\u00eblqyeshme nga votuesi shqiptar!<\/p>\n<p>Amerika nuk do ta b\u00ebj\u00eb Shqip\u00ebrin\u00eb! At\u00eb mund ta b\u00ebjm\u00eb vet\u00ebm ne shqiptar\u00ebt.<\/p>\n<p>Mos u mashtroni pavar\u00ebsisht deklaratave t\u00eb papagall\u00ebve jargavit\u00ebs (t\u00eb liderit) p\u00ebr karrier\u00eb.<\/p>\n<p>Partia Demokratike duhet t\u00eb ndryshoj\u00eb fytyr\u00ebn e vet t\u00eb b\u00ebhet e p\u00eblqyeshme, t\u00eb b\u00ebhet e d\u00ebshirueshme dhe mbi t\u00eb gjitha t\u00eb bind\u00eb edhe ata p\u00ebrtej baz\u00ebs s\u00eb vet se kjo \u00ebsht\u00eb ndryshe k\u00ebsaj radhe.<\/p>\n<p>Partia Demokratike duhet t\u00eb bind\u00eb popullin t\u00eb cilit i ka shkuar thika n\u00eb asht se kjo opozit\u00eb \u00ebsht\u00eb ndryshe nga pushtetar\u00ebt e Rama-Veliajt dhe nuk pret radh\u00ebn e karrigeve t\u00eb pushtetit.<\/p>\n<p>Partia Demokratike duhet t\u00eb demonstroj\u00eb se ajo respekton vot\u00ebn dhe vullnetin e baz\u00ebs s\u00eb saj p\u00ebr zgjedhjen e kandidat\u0113ve p\u00ebr parlament.<\/p>\n<p>Partia Demokratike duhet t\u00eb d\u00ebshmoj\u00eb me vepra e jo me fjal\u00eb boshe se \u00ebsht\u00eb parti e interesit komb\u00ebtar shqiptar!<\/p>\n<p>E kjo do t\u00eb d\u00ebshmohet me hapa konkrete n\u00eb rishikimin e aleancave para apo paszgjedhore me grupime t\u00eb caktuara politike.<\/p>\n<p>Partia Demokratike duhet t\u00eb d\u00ebshmoj\u00eb me vepra e jo me retorik\u00eb boshe se e ka seriozisht luft\u00ebn kund\u00ebr Soros!<\/p>\n<p>Nuk mund ta luftoj\u00eb PD Sorosin dhe Soroizmin pa pastruar sht\u00ebpin\u00eb e vet nga vemjet e Sorosit t\u00eb cil\u00ebt po e shkat\u00ebrrojn\u00eb t\u00eb vetmen shpres\u00eb q\u00eb kan\u00eb shqiptar\u00ebt.<\/p>\n<p>Kjo \u00ebsht\u00eb taksative.<\/p>\n<p>Nuk mund t\u00eb jet\u00eb soroisti i Ram\u00ebs i keq e sorositi i PD-s\u00eb i mir\u00eb sepse na duhen votat.<\/p>\n<p>Jo.<\/p>\n<p>Soros dhe vemjet e tij duhen shkulur nj\u00ebher\u00eb e mir\u00eb nga \u00e7do cep e vendi duhet dezinfektuar.<\/p>\n<p>Soros dhe soroizmi \u00ebsht\u00eb neglizhuar p\u00ebr koh\u00eb shum\u00eb t\u00eb gjat\u00eb n\u00eb Shqip\u00ebri dhe media akoma nuk ka kurajo dhe liri t\u00eb flas\u00eb e debatoj\u00eb k\u00ebt\u00eb \u00e7eshtje kaq t\u00eb r\u00ebnd\u00ebsishme, kaq kardinale.<\/p>\n<p>Duke th\u00ebn\u00eb t\u00eb gjitha k\u00ebto e duke kuptuar situat\u00ebn katastrofale t\u00eb krimit e patronazhimit dhe kurthet ku ka r\u00ebn\u00eb partia demokratike si\u00e7 \u00ebsht\u00eb ky i vot\u00ebs s\u00eb diaspor\u00ebs me post\u00eb \u00ebsht\u00eb absolutisht jetike t\u00eb k\u00ebrkohet:<\/p>\n<ol>\n<li>Qeveri teknike me mandat t\u00eb pakt\u00ebn 8 mujor ku si detyr\u00ebn me t\u00eb r\u00ebnd\u00ebsishme t\u00eb ket\u00eb de-patronazhimin e shoq\u00ebris\u00eb shqiptare e sidomos t\u00eb administrat\u00ebs publike.<\/li>\n<li>Shtyrje e zgjedhjeve n\u00eb paket\u00eb me ndryshime t\u00ea kodit zgjedhor<\/li>\n<\/ol>\n<p>Pa k\u00ebto dy kushte e realizim t\u00eb tyre nuk shoh dot asnj\u00eb mund\u00ebsi q\u00eb opozita t\u00eb fitoj\u00eb zgjedhjet me 11 Maj.<\/p>\n<p>Statura dhe energjia e Sali Berish\u00ebs \u00ebsht\u00eb e pamjaftueshme p\u00ebr ta \u00e7uar opozit\u00ebn n\u00eb fitore. E theksoj, ai \u00ebsht\u00eb absolutisht i domosdosh\u00ebm por jo i mjaftuesh\u00ebm.<\/p>\n<p>***<\/p>\n<p>Sh\u00ebnim:<\/p>\n<p>Mendimet dhe opinionet e shprehura n\u00eb k\u00ebt\u00eb hap\u00ebsir\u00eb jan\u00eb personale dhe vet\u00ebm t\u00eb miat.<\/p>\n<p>Ato nuk p\u00ebrfaq\u00ebsojn\u00eb ask\u00ebnd ve\u00e7 autorit i cili nuk \u00ebsht\u00eb pjes\u00eb e asnj\u00eb grupimi apo forumi politik n\u00eb Shqip\u00ebri apo jasht\u00eb saj.<\/p>\n","protected":false},"excerpt":{"rendered":"<p>Nga Milaim NELA Ardhja e Chris LaCivita n\u00eb krye t\u00eb fushat\u00ebs s\u00eb Partis\u00eb Demokratike jep nj\u00eb mesazh t\u00eb fort\u00eb t\u00eb ndryshimit t\u00eb politik\u00ebs Amerikane ndaj Shqip\u00ebris\u00eb. Kjo \u00ebsht\u00eb e padiskutueshme. Por, t\u00eb mos kemi as iluzionin m\u00eb t\u00eb vog\u00ebl se ata do ta b\u00ebjn\u00eb Partin\u00eb Demokratike t\u00eb zgjedhshme apo t\u00eb p\u00eblqyeshme nga votuesi shqiptar! Amerika &hellip;<\/p>\n","protected":false},"author":4,"featured_media":46260,"comment_status":"closed","ping_status":"closed","sticky":false,"template":"","format":"standard","meta":{"footnotes":""},"categories":[44],"tags":[],"class_list":["post-104300","post","type-post","status-publish","format-standard","has-post-thumbnail","","category-editorial"],"_links":{"self":[{"href":"https:\/\/rdnews.al\/index.php\/wp-json\/wp\/v2\/posts\/104300","targetHints":{"allow":["GET"]}}],"collection":[{"href":"https:\/\/rdnews.al\/index.php\/wp-json\/wp\/v2\/posts"}],"about":[{"href":"https:\/\/rdnews.al\/index.php\/wp-json\/wp\/v2\/types\/post"}],"author":[{"embeddable":true,"href":"https:\/\/rdnews.al\/index.php\/wp-json\/wp\/v2\/users\/4"}],"replies":[{"embeddable":true,"href":"https:\/\/rdnews.al\/index.php\/wp-json\/wp\/v2\/comments?post=104300"}],"version-history":[{"count":1,"href":"https:\/\/rdnews.al\/index.php\/wp-json\/wp\/v2\/posts\/104300\/revisions"}],"predecessor-version":[{"id":104301,"href":"https:\/\/rdnews.al\/index.php\/wp-json\/wp\/v2\/posts\/104300\/revisions\/104301"}],"wp:featuredmedia":[{"embeddable":true,"href":"https:\/\/rdnews.al\/index.php\/wp-json\/wp\/v2\/media\/46260"}],"wp:attachment":[{"href":"https:\/\/rdnews.al\/index.php\/wp-json\/wp\/v2\/media?parent=104300"}],"wp:term":[{"taxonomy":"category","embeddable":true,"href":"https:\/\/rdnews.al\/index.php\/wp-json\/wp\/v2\/categories?post=104300"},{"taxonomy":"post_tag","embeddable":true,"href":"https:\/\/rdnews.al\/index.php\/wp-json\/wp\/v2\/tags?post=104300"}],"curies":[{"name":"wp","href":"https:\/\/api.w.org\/{rel}","templated":true}]}}