{"id":104302,"date":"2025-02-12T16:48:15","date_gmt":"2025-02-12T16:48:15","guid":{"rendered":"https:\/\/rdnews.al\/?p=104302"},"modified":"2025-02-12T16:48:28","modified_gmt":"2025-02-12T16:48:28","slug":"me-urdher-te-rames-rrogetaret-e-bashkise-u-dynden-ne-dyert-e-gjkko-per-te-protestuar-arrestimin-e-erion-veliajt","status":"publish","type":"post","link":"https:\/\/rdnews.al\/index.php\/2025\/02\/12\/me-urdher-te-rames-rrogetaret-e-bashkise-u-dynden-ne-dyert-e-gjkko-per-te-protestuar-arrestimin-e-erion-veliajt\/","title":{"rendered":"Me urdh\u00ebr t\u00eb Ram\u00ebs, rrog\u00ebtar\u00ebt e Bashkis\u00eb u dynd\u00ebn n\u00eb dyert e GJKKO p\u00ebr t\u00eb \u201cprotestuar\u201d arrestimin e Erion Veliajt"},"content":{"rendered":"<p><strong>Deklarata e koordinatorit t\u00eb rajonit t\u00eb Tiran\u00ebs, Klevis Balliu:<\/strong><\/p>\n<p>Me urdh\u00ebr t\u00eb kryebashkiakut z\u00ebvend\u00ebsues Edi Rama, rrog\u00ebtar\u00ebt e Bashkis\u00eb Tiran\u00eb u dynd\u00ebn sot \u00a0n\u00eb dyert GJKKO p\u00ebr t\u00eb \u201cprotestuar\u201d ndaj arrestimit t\u00eb Erion Veliajt nj\u00ebrit prej dy pronar\u00ebve faktik\u00eb t\u00eb inceneratorit t\u00eb Tiran\u00ebs, i kapur n\u00eb flagranc\u00eb p\u00ebr vjedhjet dhe abuzimet q\u00eb ai s\u00eb bashku me bashk\u00ebshorten kan\u00eb b\u00ebr\u00eb n\u00eb Bashkin\u00eb e Tiran\u00ebs.<\/p>\n<p>Turmat e hallexhinjve q\u00eb k\u00ebrc\u00ebnohen me buk\u00ebn e goj\u00ebs, udh\u00ebhiqeshin nga drejtori i policis\u00eb bashkiake Syl Ismaili dhe ish-drejtorit Ermal Kapllanaj si dhe shefi i IMT.<\/p>\n<p>Nga ana tjet\u00ebr ajo s\u2019\u00ebsht\u00eb gj\u00eb tjet\u00ebr vet\u00ebm se nj\u00eb sken\u00eb e paligjshme krimi dhe drejtor\u00ebt bandit\u00eb bashk\u00ebautor\u00eb t\u00eb krimeve t\u00eb Veliajt, duhet t\u00eb ishin arrestuar pasi kan\u00eb shkelur ligjin duke mos njoftuar protest\u00ebn<\/p>\n<p>Kjo mb\u00ebshtetje vjen n\u00eb nj\u00eb koh\u00eb kur n\u00ebn drit\u00ebn e diellit kan\u00eb dal\u00eb prova t\u00eb bat\u00ebrdis\u00eb q\u00eb ka ndodhur n\u00eb Bashkin\u00eb e Tiran\u00ebs, ku bashk\u00ebshortja e Veliajt n\u00eb pak koh\u00eb kish shpenzuar 868 mij\u00eb euro vet\u00ebm p\u00ebr rroba.<\/p>\n<p>Aq para sa atyre hallexhinjve q\u00eb ishin n\u00eb at\u00eb protest\u00eb nuk do i mjaftonin as 100 vjet pun\u00eb p\u00ebr ti kursyer.<\/p>\n<p>Kjo protest\u00eb vjen n\u00eb nj\u00eb koh\u00eb kur \u00ebsht\u00eb d\u00ebshmuar tashm\u00eb se \u201ckryetari i ri Bashkis\u00eb\u201d, vet\u00ebm n\u00eb nj\u00eb drek\u00eb pi shishen e ver\u00ebs m\u00eb shum\u00eb se 33 mij\u00eb euro.<\/p>\n<p>E nd\u00ebrkoh\u00eb q\u00eb ndodhte kjo maskarad\u00eb, n\u00eb mediat mediat e narkoshtetit na k\u00ebrkohet q\u00eb t\u00eb na vij\u00eb keq p\u00ebr p\u00ebrgjegj\u00ebsin e vjedhjeve m\u00eb masive n\u00eb historin\u00eb e kryeqytetit.<\/p>\n<p>Por pyetja q\u00eb na vjen nd\u00ebrmend teksa d\u00ebgjojm\u00eb kakofonin\u00eb mediatike t\u00eb tyre \u00ebsht\u00eb e thjesht\u00eb:<\/p>\n<p>A i erdhi keq Veliaj-t dhe ortakut t\u00eb Tij p\u00ebr banor\u00ebt e unaz\u00ebs t\u00eb cil\u00ebt 420 dit\u00eb bashk\u00eb m\u00eb f\u00ebmij\u00ebt e tyre protestuan kund\u00ebr nj\u00eb afere korruptive q\u00eb i vidhte sht\u00ebpin\u00eb, buk\u00ebn dhe t\u00eb ardhmen e f\u00ebmij\u00ebve.<\/p>\n<p>Po p\u00ebr ata 1500 hallexhinj q\u00eb provuan burgun, ata 2000 t\u00eb tjer\u00ebt q\u00eb u p\u00ebrball\u00ebn me \u00e7\u00ebshtje gjyq\u00ebsore dhe nj\u00eb dhun\u00eb shtazore e shtetit policor.<\/p>\n<p>Edhe ata ishin n\u00ebnat dhe baballar\u00ebt e f\u00ebmij\u00ebve t\u00eb k\u00ebsaj zone.<\/p>\n<p>A u erdhi keq p\u00ebr Era Mandri nj\u00eb vajz\u00eb 8 vje\u00e7 e cila n\u00ebn kambalet e policis\u00eb s\u00eb bashku me familjen u mor\u00ebn zvarr\u00eb \u2026<\/p>\n<p>Apo familja Peposhi, t\u00eb cil\u00ebve gazi lotsjell\u00ebs u ra n\u00eb dhom\u00ebn e foshnj\u00ebs..<\/p>\n<p>A u erdhi keq p\u00ebr nj\u00eb zonj\u00eb shtatz\u00ebn\u00eb n\u00eb unaz\u00eb q\u00eb u mor zvarr\u00eb p\u00ebr tu shoq\u00ebruar n\u00eb polici\u2026<\/p>\n<p>P\u00ebr f\u00ebmij\u00ebt e k\u00ebtyre qytetar\u00ebve prind\u00ebrit e t\u00eb cil\u00ebve u arrestuan nuk ishte problemi m\u00eb i madh se kush i \u00e7onte n\u00eb kop\u00ebsht a \u00e7erdhe, por se me \u00e7far\u00eb do t\u00eb ushqeheshin!<\/p>\n<p>Veliaj \u00ebsht\u00eb sot n\u00eb burg me urdh\u00ebr t\u00eb Edi Ram\u00ebs, p\u00ebr prishje pazaresh mes tyre dhe p\u00ebr k\u00ebt\u00eb vet\u00ebm keqardhje nuk kemi.<\/p>\n<p>\u201cLot\u00ebt\u201d q\u00eb Rama b\u00ebn sikur derdh p\u00ebr t\u00eb, n\u00eb t\u00eb v\u00ebrtet\u00eb jan\u00eb kambanat e panikut q\u00eb e ka kapluar nga fundi q\u00eb i \u00ebsht\u00eb rezervuar n\u00eb zgjedhjet e ardhshme.<\/p>\n<p>Ai k\u00ebrkon mbrojtjen e Veliajt, k\u00ebrkon q\u00eb ai mos flas\u00eb p\u00ebr gjith\u00e7ka ka par\u00eb dhe kan\u00eb b\u00ebr\u00eb s\u00eb bashku. N\u00eb at\u00eb qeli prej koh\u00ebsh duhej t\u00eb ishte dhe Edi Rama.<\/p>\n<p>N\u00eb k\u00ebt\u00eb pro\u00e7es, dhe n\u00eb t\u00eb gjitha skandalet apo proceset s\u00eb vjedh\u00ebsve q\u00eb ai vet\u00eb i kish thirrur n\u00ebn arm\u00eb, urdh\u00ebruesi \u00ebsht\u00eb vet\u00ebm ai.<\/p>\n<p>Prandaj p\u00ebrdorimi i atyre rrog\u00ebtar\u00ebve q\u00eb b\u00ebjn\u00eb sikur protestojn\u00eb p\u00ebr shefin e tyre q\u00eb nuk linte rast pa future duart n\u00eb xhepat e hallexhinjve, nuk \u00ebsht\u00eb gj\u00eb tjet\u00ebr vet\u00ebm se nj\u00eb d\u00ebshmi se si k\u00ebrc\u00ebnohen njer\u00ebzit n\u00eb k\u00ebt\u00eb vend dhe u k\u00ebrkohet t\u00eb protestojn\u00eb p\u00ebr nj\u00eb vjedh\u00ebs. Kjo \u00ebsht\u00eb sa e trisht\u00eb aq e dhe e v\u00ebrtet\u00eb!<\/p>\n<p>Kemi 12 vjet q\u00eb e shohim.<\/p>\n<p>Partia Demokratike i k\u00ebrkon z\u00ebv\u00ebnd\u00ebsuesit t\u00eb Veliajt n\u00eb Bashki, q\u00eb t\u00eb resht\u00eb s\u00eb b\u00ebri karagjozin dhe ti ler\u00eb njer\u00ebzit n\u00eb pun\u00ebn e tyre. K\u00ebto lloj skenash nuk do e shp\u00ebtojn\u00eb nga humbja e 11 majit, por dhe nga fati q\u00eb e pret pas k\u00ebsaj date.<\/p>\n<p>N\u00eb rast se Veliaj vuan sot p\u00ebr fustanet e Ajol\u00ebs sepse e kursyen koleg\u00ebt, me Ram\u00ebn kjo nuk do t\u00eb ndodh\u00eb.<\/p>\n<p>Te jet\u00eb i sigurt se ai do p\u00ebrgjigjet p\u00ebr t\u00eb gjitha vjedhjet, aferat, koncensionet, investitor\u00ebt strategjik\u00eb, krimin e organizuar me t\u00eb cilin shtrohet n\u00ebp\u00ebr tavolina, lobimet kund\u00ebr opozit\u00ebs duke p\u00ebrdorur parat\u00eb e taksave.<\/p>\n<p>Koha e Ram\u00ebs ka mbaruar, \u00ebsht\u00eb e kot\u00eb t\u00eb p\u00ebrplas\u00eb tavolina dhe t\u00eb l\u00ebshoj\u00eb piskama, nuk e d\u00ebgjon njeri!<\/p>\n","protected":false},"excerpt":{"rendered":"<p>Deklarata e koordinatorit t\u00eb rajonit t\u00eb Tiran\u00ebs, Klevis Balliu: Me urdh\u00ebr t\u00eb kryebashkiakut z\u00ebvend\u00ebsues Edi Rama, rrog\u00ebtar\u00ebt e Bashkis\u00eb Tiran\u00eb u dynd\u00ebn sot \u00a0n\u00eb dyert GJKKO p\u00ebr t\u00eb \u201cprotestuar\u201d ndaj arrestimit t\u00eb Erion Veliajt nj\u00ebrit prej dy pronar\u00ebve faktik\u00eb t\u00eb inceneratorit t\u00eb Tiran\u00ebs, i kapur n\u00eb flagranc\u00eb p\u00ebr vjedhjet dhe abuzimet q\u00eb ai s\u00eb bashku &hellip;<\/p>\n","protected":false},"author":4,"featured_media":104303,"comment_status":"closed","ping_status":"closed","sticky":false,"template":"","format":"standard","meta":{"footnotes":""},"categories":[37],"tags":[],"class_list":["post-104302","post","type-post","status-publish","format-standard","has-post-thumbnail","","category-politike"],"_links":{"self":[{"href":"https:\/\/rdnews.al\/index.php\/wp-json\/wp\/v2\/posts\/104302","targetHints":{"allow":["GET"]}}],"collection":[{"href":"https:\/\/rdnews.al\/index.php\/wp-json\/wp\/v2\/posts"}],"about":[{"href":"https:\/\/rdnews.al\/index.php\/wp-json\/wp\/v2\/types\/post"}],"author":[{"embeddable":true,"href":"https:\/\/rdnews.al\/index.php\/wp-json\/wp\/v2\/users\/4"}],"replies":[{"embeddable":true,"href":"https:\/\/rdnews.al\/index.php\/wp-json\/wp\/v2\/comments?post=104302"}],"version-history":[{"count":1,"href":"https:\/\/rdnews.al\/index.php\/wp-json\/wp\/v2\/posts\/104302\/revisions"}],"predecessor-version":[{"id":104304,"href":"https:\/\/rdnews.al\/index.php\/wp-json\/wp\/v2\/posts\/104302\/revisions\/104304"}],"wp:featuredmedia":[{"embeddable":true,"href":"https:\/\/rdnews.al\/index.php\/wp-json\/wp\/v2\/media\/104303"}],"wp:attachment":[{"href":"https:\/\/rdnews.al\/index.php\/wp-json\/wp\/v2\/media?parent=104302"}],"wp:term":[{"taxonomy":"category","embeddable":true,"href":"https:\/\/rdnews.al\/index.php\/wp-json\/wp\/v2\/categories?post=104302"},{"taxonomy":"post_tag","embeddable":true,"href":"https:\/\/rdnews.al\/index.php\/wp-json\/wp\/v2\/tags?post=104302"}],"curies":[{"name":"wp","href":"https:\/\/api.w.org\/{rel}","templated":true}]}}