{"id":104373,"date":"2025-02-13T09:44:15","date_gmt":"2025-02-13T09:44:15","guid":{"rendered":"https:\/\/rdnews.al\/?p=104373"},"modified":"2025-02-13T09:44:15","modified_gmt":"2025-02-13T09:44:15","slug":"arditi-edhe-une-jam-erioni","status":"publish","type":"post","link":"https:\/\/rdnews.al\/index.php\/2025\/02\/13\/arditi-edhe-une-jam-erioni\/","title":{"rendered":"Arditi: Edhe un\u00eb jam Erioni"},"content":{"rendered":"<p>Ardit Gjebrea ka reaguar n\u00eb lidhje me arrestimin e kryebashkiakut, Erion Veliaj. Gjebrea n\u00eb nj\u00eb instastory ka shprehur mb\u00ebshtetjen e tij p\u00ebr Veliajn. Gjebrea shkruan se askush nuk mund t\u00eb thot\u00eb q\u00eb Tirana \u00ebsht\u00eb nj\u00ebsoj si m\u00eb par\u00eb. Ai shtoi se sa shpejt harruan q\u00eb Veliaj ju fut Tiran\u00ebs me themel p\u00ebr ta ndryshuar.<\/p>\n<p>Moderatori shtoi se nj\u00eb dit\u00eb do ta k\u00ebrkojn\u00eb Veliajn t\u00eb cilin e p\u00ebrshkroi si i aft\u00eb dhe q\u00eb gjithmon\u00eb e gjen m\u00ebnyr\u00ebn t\u00eb jet\u00eb i denj\u00eb p\u00ebr veten dhe familjen. Ai gjithashtu shprehur krenarin\u00eb q\u00eb ka nj\u00eb mik si Veliaj.<\/p>\n<p>\u201cAskush nuk mund t\u00eb thot\u00eb q\u00eb Tirana \u00ebsht\u00eb nj\u00ebsoj si m\u00eb par\u00eb. Dhe p\u00ebr fat t\u00eb keq, si mundet q\u00eb nuk e b\u00ebrtasin pun\u00ebn t\u00ebnde, e sa shpejt harruan (me q\u00ebllim) q\u00eb Tiran\u00ebs ju fute me themel p\u00ebr ta ndryshuar, p\u00ebr t\u00eb mir\u00ebn e p\u00ebrditshm\u00ebris\u00eb ton\u00eb?!<\/p>\n<p>Nj\u00eb dit\u00eb do t\u00eb t\u00eb k\u00ebrkojn\u00eb, dhe e di: I afti gjithmon\u00eb e gjen m\u00ebnyr\u00ebn t\u00eb jet\u00eb i denj\u00eb p\u00ebr veten dhe familjen. Ti duhej t\u00eb vazhdoje t\u00eb ishe aty, n\u00eb pun\u00eb, p\u00ebr t\u00eb gjith\u00eb ne! Jam i lumtur dhe krenar q\u00eb kam nj\u00eb mik si ty! #kambesimtekti #jamerion,&#8221; shkruan Gjebrea.<\/p>\n","protected":false},"excerpt":{"rendered":"<p>Ardit Gjebrea ka reaguar n\u00eb lidhje me arrestimin e kryebashkiakut, Erion Veliaj. Gjebrea n\u00eb nj\u00eb instastory ka shprehur mb\u00ebshtetjen e tij p\u00ebr Veliajn. Gjebrea shkruan se askush nuk mund t\u00eb thot\u00eb q\u00eb Tirana \u00ebsht\u00eb nj\u00ebsoj si m\u00eb par\u00eb. Ai shtoi se sa shpejt harruan q\u00eb Veliaj ju fut Tiran\u00ebs me themel p\u00ebr ta ndryshuar. Moderatori &hellip;<\/p>\n","protected":false},"author":3,"featured_media":104374,"comment_status":"closed","ping_status":"closed","sticky":false,"template":"","format":"standard","meta":{"footnotes":""},"categories":[37],"tags":[],"class_list":["post-104373","post","type-post","status-publish","format-standard","has-post-thumbnail","","category-politike"],"_links":{"self":[{"href":"https:\/\/rdnews.al\/index.php\/wp-json\/wp\/v2\/posts\/104373","targetHints":{"allow":["GET"]}}],"collection":[{"href":"https:\/\/rdnews.al\/index.php\/wp-json\/wp\/v2\/posts"}],"about":[{"href":"https:\/\/rdnews.al\/index.php\/wp-json\/wp\/v2\/types\/post"}],"author":[{"embeddable":true,"href":"https:\/\/rdnews.al\/index.php\/wp-json\/wp\/v2\/users\/3"}],"replies":[{"embeddable":true,"href":"https:\/\/rdnews.al\/index.php\/wp-json\/wp\/v2\/comments?post=104373"}],"version-history":[{"count":1,"href":"https:\/\/rdnews.al\/index.php\/wp-json\/wp\/v2\/posts\/104373\/revisions"}],"predecessor-version":[{"id":104375,"href":"https:\/\/rdnews.al\/index.php\/wp-json\/wp\/v2\/posts\/104373\/revisions\/104375"}],"wp:featuredmedia":[{"embeddable":true,"href":"https:\/\/rdnews.al\/index.php\/wp-json\/wp\/v2\/media\/104374"}],"wp:attachment":[{"href":"https:\/\/rdnews.al\/index.php\/wp-json\/wp\/v2\/media?parent=104373"}],"wp:term":[{"taxonomy":"category","embeddable":true,"href":"https:\/\/rdnews.al\/index.php\/wp-json\/wp\/v2\/categories?post=104373"},{"taxonomy":"post_tag","embeddable":true,"href":"https:\/\/rdnews.al\/index.php\/wp-json\/wp\/v2\/tags?post=104373"}],"curies":[{"name":"wp","href":"https:\/\/api.w.org\/{rel}","templated":true}]}}