{"id":104381,"date":"2025-02-13T09:53:22","date_gmt":"2025-02-13T09:53:22","guid":{"rendered":"https:\/\/rdnews.al\/?p=104381"},"modified":"2025-02-13T10:20:24","modified_gmt":"2025-02-13T10:20:24","slug":"rama-zhduk-te-gjitha-fotot-me-soros","status":"publish","type":"post","link":"https:\/\/rdnews.al\/index.php\/2025\/02\/13\/rama-zhduk-te-gjitha-fotot-me-soros\/","title":{"rendered":"Rama zhduk t\u00eb gjitha fotot me Soros"},"content":{"rendered":"<p>Rama ka fshir\u00eb t\u00eb gjith\u00eb fotot me Alex Soros nga faqja e tij e Instagramit. Rama po k\u00ebrkon t\u00eb humbas\u00eb gjurm\u00ebt e lidhjeve t\u00eb ngushta me Soros nga goditjet e forta q\u00eb ai po merr nga Shtetet e Bashuara.\u00a0 Kryetari i PD ka denoncuar n\u00eb nj\u00eb postim n\u00eb fb fshirjen e k\u00ebtyre fotove nga Rama.<\/p>\n<p>&#8220;Kukulla e Xhorxh Soros heq t\u00eb gjitha fotot me Aleks Soros n\u00eb instagram! Megjithat\u00eb, Aleks vijon ti ket\u00eb ato&#8221;, shkruan Berisha.<\/p>\n<p><iframe loading=\"lazy\" style=\"border: none; overflow: hidden;\" src=\"https:\/\/www.facebook.com\/plugins\/video.php?height=476&amp;href=https%3A%2F%2Fwww.facebook.com%2FSaliBerisha%2Fvideos%2F1343594087092321%2F&amp;show_text=false&amp;width=269&amp;t=0\" width=\"269\" height=\"476\" frameborder=\"0\" scrolling=\"no\" allowfullscreen=\"allowfullscreen\"><\/iframe><\/p>\n","protected":false},"excerpt":{"rendered":"<p>Rama ka fshir\u00eb t\u00eb gjith\u00eb fotot me Alex Soros nga faqja e tij e Instagramit. Rama po k\u00ebrkon t\u00eb humbas\u00eb gjurm\u00ebt e lidhjeve t\u00eb ngushta me Soros nga goditjet e forta q\u00eb ai po merr nga Shtetet e Bashuara.\u00a0 Kryetari i PD ka denoncuar n\u00eb nj\u00eb postim n\u00eb fb fshirjen e k\u00ebtyre fotove nga Rama. &hellip;<\/p>\n","protected":false},"author":3,"featured_media":104384,"comment_status":"closed","ping_status":"closed","sticky":false,"template":"","format":"standard","meta":{"footnotes":""},"categories":[37],"tags":[],"class_list":["post-104381","post","type-post","status-publish","format-standard","has-post-thumbnail","","category-politike"],"_links":{"self":[{"href":"https:\/\/rdnews.al\/index.php\/wp-json\/wp\/v2\/posts\/104381","targetHints":{"allow":["GET"]}}],"collection":[{"href":"https:\/\/rdnews.al\/index.php\/wp-json\/wp\/v2\/posts"}],"about":[{"href":"https:\/\/rdnews.al\/index.php\/wp-json\/wp\/v2\/types\/post"}],"author":[{"embeddable":true,"href":"https:\/\/rdnews.al\/index.php\/wp-json\/wp\/v2\/users\/3"}],"replies":[{"embeddable":true,"href":"https:\/\/rdnews.al\/index.php\/wp-json\/wp\/v2\/comments?post=104381"}],"version-history":[{"count":3,"href":"https:\/\/rdnews.al\/index.php\/wp-json\/wp\/v2\/posts\/104381\/revisions"}],"predecessor-version":[{"id":104404,"href":"https:\/\/rdnews.al\/index.php\/wp-json\/wp\/v2\/posts\/104381\/revisions\/104404"}],"wp:featuredmedia":[{"embeddable":true,"href":"https:\/\/rdnews.al\/index.php\/wp-json\/wp\/v2\/media\/104384"}],"wp:attachment":[{"href":"https:\/\/rdnews.al\/index.php\/wp-json\/wp\/v2\/media?parent=104381"}],"wp:term":[{"taxonomy":"category","embeddable":true,"href":"https:\/\/rdnews.al\/index.php\/wp-json\/wp\/v2\/categories?post=104381"},{"taxonomy":"post_tag","embeddable":true,"href":"https:\/\/rdnews.al\/index.php\/wp-json\/wp\/v2\/tags?post=104381"}],"curies":[{"name":"wp","href":"https:\/\/api.w.org\/{rel}","templated":true}]}}