{"id":104386,"date":"2025-02-13T09:57:00","date_gmt":"2025-02-13T09:57:00","guid":{"rendered":"https:\/\/rdnews.al\/?p=104386"},"modified":"2025-02-13T09:57:00","modified_gmt":"2025-02-13T09:57:00","slug":"sula-paketa-e-maleve-po-perdoret-teresisht-per-qellime-elektorale","status":"publish","type":"post","link":"https:\/\/rdnews.al\/index.php\/2025\/02\/13\/sula-paketa-e-maleve-po-perdoret-teresisht-per-qellime-elektorale\/","title":{"rendered":"Sula: \u201cPaketa e Maleve\u201d po p\u00ebrdoret t\u00ebr\u00ebsisht p\u00ebr q\u00ebllime elektorale!"},"content":{"rendered":"<p>Deputeti Dashnor Sula, ka akuzuar mazhoranc\u00ebn se po shkel Kodin Zgjedhor.\u00a0N\u00eb fjal\u00ebn e tij n\u00eb nisje t\u00eb seanc\u00ebs s\u00eb sotme plenare, Sula tha se q\u00ebllimi i \u201cPaket\u00ebs s\u00eb Maleve\u201d \u00ebsht\u00eb t\u00ebr\u00ebsisht i lidhur me zgjedhjet e 11 majit.<\/p>\n<p><em>&#8220;Keni kaluar n\u00eb Komisionin e Ligjeve dy dit\u00eb m\u00eb par\u00eb, nj\u00eb projektligj q\u00eb \u00ebsht\u00eb n\u00eb shkelje t\u00eb Kodit Zgjedhor, &#8216;Paketa e Maleve&#8217;.<\/em><\/p>\n<p><em>\u00cbsht\u00eb totalisht p\u00ebr q\u00ebllime elektorale dy muaj para zgjedhjeve kur keni pasur koh\u00eb, keni zvarritur me muaj nismat e opozit\u00ebs\u201d,\u00a0<\/em>tha ai.<\/p>\n","protected":false},"excerpt":{"rendered":"<p>Deputeti Dashnor Sula, ka akuzuar mazhoranc\u00ebn se po shkel Kodin Zgjedhor.\u00a0N\u00eb fjal\u00ebn e tij n\u00eb nisje t\u00eb seanc\u00ebs s\u00eb sotme plenare, Sula tha se q\u00ebllimi i \u201cPaket\u00ebs s\u00eb Maleve\u201d \u00ebsht\u00eb t\u00ebr\u00ebsisht i lidhur me zgjedhjet e 11 majit. &#8220;Keni kaluar n\u00eb Komisionin e Ligjeve dy dit\u00eb m\u00eb par\u00eb, nj\u00eb projektligj q\u00eb \u00ebsht\u00eb n\u00eb shkelje t\u00eb &hellip;<\/p>\n","protected":false},"author":4,"featured_media":104388,"comment_status":"closed","ping_status":"closed","sticky":false,"template":"","format":"standard","meta":{"footnotes":""},"categories":[37],"tags":[],"class_list":["post-104386","post","type-post","status-publish","format-standard","has-post-thumbnail","","category-politike"],"_links":{"self":[{"href":"https:\/\/rdnews.al\/index.php\/wp-json\/wp\/v2\/posts\/104386","targetHints":{"allow":["GET"]}}],"collection":[{"href":"https:\/\/rdnews.al\/index.php\/wp-json\/wp\/v2\/posts"}],"about":[{"href":"https:\/\/rdnews.al\/index.php\/wp-json\/wp\/v2\/types\/post"}],"author":[{"embeddable":true,"href":"https:\/\/rdnews.al\/index.php\/wp-json\/wp\/v2\/users\/4"}],"replies":[{"embeddable":true,"href":"https:\/\/rdnews.al\/index.php\/wp-json\/wp\/v2\/comments?post=104386"}],"version-history":[{"count":1,"href":"https:\/\/rdnews.al\/index.php\/wp-json\/wp\/v2\/posts\/104386\/revisions"}],"predecessor-version":[{"id":104389,"href":"https:\/\/rdnews.al\/index.php\/wp-json\/wp\/v2\/posts\/104386\/revisions\/104389"}],"wp:featuredmedia":[{"embeddable":true,"href":"https:\/\/rdnews.al\/index.php\/wp-json\/wp\/v2\/media\/104388"}],"wp:attachment":[{"href":"https:\/\/rdnews.al\/index.php\/wp-json\/wp\/v2\/media?parent=104386"}],"wp:term":[{"taxonomy":"category","embeddable":true,"href":"https:\/\/rdnews.al\/index.php\/wp-json\/wp\/v2\/categories?post=104386"},{"taxonomy":"post_tag","embeddable":true,"href":"https:\/\/rdnews.al\/index.php\/wp-json\/wp\/v2\/tags?post=104386"}],"curies":[{"name":"wp","href":"https:\/\/api.w.org\/{rel}","templated":true}]}}