{"id":104399,"date":"2025-02-13T10:10:21","date_gmt":"2025-02-13T10:10:21","guid":{"rendered":"https:\/\/rdnews.al\/?p=104399"},"modified":"2025-02-13T10:10:21","modified_gmt":"2025-02-13T10:10:21","slug":"ministri-do-shkarkoje-drejtorin-e-policise-hoxha-thote-se-nuk-kishte-protestues-para-spak-por-simpatizante","status":"publish","type":"post","link":"https:\/\/rdnews.al\/index.php\/2025\/02\/13\/ministri-do-shkarkoje-drejtorin-e-policise-hoxha-thote-se-nuk-kishte-protestues-para-spak-por-simpatizante\/","title":{"rendered":"Ministri do shkarkoj\u00eb Drejtorin e policis\u00eb? Hoxha thot\u00eb se nuk kishte protestues para SPAK por simpatizant\u00eb"},"content":{"rendered":"<p>Ministri i Brendsh\u00ebm, Ervin Hoxha, ka reaguar lidhur me situat\u00ebn e krijuar nj\u00eb dit\u00eb m\u00eb par\u00eb pran\u00eb SPAK, ku mb\u00ebshtet\u00ebs t\u00eb kryebashkiakut Erion Veliaj u grumbulluan n\u00eb mb\u00ebshtetje t\u00eb tij.<\/p>\n<p>N\u00eb nj\u00eb deklarat\u00eb p\u00ebr mediat para se t\u00eb hynte n\u00eb Parlament, Hoxha tha se policia nuk nd\u00ebrhyri, pasi personat e pranish\u00ebm nuk ishin protestues, por simpatizant\u00eb. Ai shtoi se n\u00eb vendngjarje ndodhej edhe Garda e Republik\u00ebs, e cila pati nj\u00eb moment v\u00ebshtir\u00ebsie p\u00ebr shkak t\u00eb grumbullimit t\u00eb papritur.<\/p>\n<p>\u201cN\u00eb kushtet e nj\u00eb mase sigurie, Policia e Shtetit ka detyr\u00ebn t\u00eb siguroj\u00eb SPAK-un. Aty ndodheshin edhe punonj\u00ebsit e Gard\u00ebs, t\u00eb cil\u00ebt ishin n\u00eb krye t\u00eb detyr\u00ebs, por pat\u00ebn nj\u00eb v\u00ebshtir\u00ebsi p\u00ebr shkak t\u00eb grumbullimit t\u00eb papritur. Personat ishin simpatizant\u00eb dhe jo protestues. Protestuesit e m\u00ebparsh\u00ebm kan\u00eb qen\u00eb t\u00eb lajm\u00ebruar,\u201d deklaroi ministri.<\/p>\n<p>I pyetur nga gazetar\u00ebt n\u00ebse do t\u00eb shkarkoj\u00eb Drejtorin e Policis\u00eb s\u00eb Shtetit, Ilir Proda, Hoxha nuk dha nj\u00eb p\u00ebrgjigje t\u00eb drejtp\u00ebrdrejt\u00eb, duke th\u00ebn\u00eb se situatat jan\u00eb t\u00eb ndryshme dhe se protestat e m\u00ebparshme kan\u00eb qen\u00eb t\u00eb paralajm\u00ebruara.<\/p>\n","protected":false},"excerpt":{"rendered":"<p>Ministri i Brendsh\u00ebm, Ervin Hoxha, ka reaguar lidhur me situat\u00ebn e krijuar nj\u00eb dit\u00eb m\u00eb par\u00eb pran\u00eb SPAK, ku mb\u00ebshtet\u00ebs t\u00eb kryebashkiakut Erion Veliaj u grumbulluan n\u00eb mb\u00ebshtetje t\u00eb tij. N\u00eb nj\u00eb deklarat\u00eb p\u00ebr mediat para se t\u00eb hynte n\u00eb Parlament, Hoxha tha se policia nuk nd\u00ebrhyri, pasi personat e pranish\u00ebm nuk ishin protestues, por &hellip;<\/p>\n","protected":false},"author":3,"featured_media":104402,"comment_status":"closed","ping_status":"closed","sticky":false,"template":"","format":"standard","meta":{"footnotes":""},"categories":[37],"tags":[],"class_list":["post-104399","post","type-post","status-publish","format-standard","has-post-thumbnail","","category-politike"],"_links":{"self":[{"href":"https:\/\/rdnews.al\/index.php\/wp-json\/wp\/v2\/posts\/104399","targetHints":{"allow":["GET"]}}],"collection":[{"href":"https:\/\/rdnews.al\/index.php\/wp-json\/wp\/v2\/posts"}],"about":[{"href":"https:\/\/rdnews.al\/index.php\/wp-json\/wp\/v2\/types\/post"}],"author":[{"embeddable":true,"href":"https:\/\/rdnews.al\/index.php\/wp-json\/wp\/v2\/users\/3"}],"replies":[{"embeddable":true,"href":"https:\/\/rdnews.al\/index.php\/wp-json\/wp\/v2\/comments?post=104399"}],"version-history":[{"count":1,"href":"https:\/\/rdnews.al\/index.php\/wp-json\/wp\/v2\/posts\/104399\/revisions"}],"predecessor-version":[{"id":104403,"href":"https:\/\/rdnews.al\/index.php\/wp-json\/wp\/v2\/posts\/104399\/revisions\/104403"}],"wp:featuredmedia":[{"embeddable":true,"href":"https:\/\/rdnews.al\/index.php\/wp-json\/wp\/v2\/media\/104402"}],"wp:attachment":[{"href":"https:\/\/rdnews.al\/index.php\/wp-json\/wp\/v2\/media?parent=104399"}],"wp:term":[{"taxonomy":"category","embeddable":true,"href":"https:\/\/rdnews.al\/index.php\/wp-json\/wp\/v2\/categories?post=104399"},{"taxonomy":"post_tag","embeddable":true,"href":"https:\/\/rdnews.al\/index.php\/wp-json\/wp\/v2\/tags?post=104399"}],"curies":[{"name":"wp","href":"https:\/\/api.w.org\/{rel}","templated":true}]}}