{"id":10440,"date":"2022-04-26T11:08:20","date_gmt":"2022-04-26T11:08:20","guid":{"rendered":"https:\/\/rdnews.al\/?p=10440"},"modified":"2022-04-26T11:32:37","modified_gmt":"2022-04-26T11:32:37","slug":"ifc-pezullon-projektin-ne-shqiperi-kellici-rama-zgjodhi-inceneratoret-se-aty-mund-te-vidhte","status":"publish","type":"post","link":"https:\/\/rdnews.al\/index.php\/2022\/04\/26\/ifc-pezullon-projektin-ne-shqiperi-kellici-rama-zgjodhi-inceneratoret-se-aty-mund-te-vidhte\/","title":{"rendered":"IFC pezullon projektin n\u00eb Shqip\u00ebri, K\u00eblli\u00e7i: Rama zgjodhi incenerator\u00ebt se aty mund t\u00eb vidhte"},"content":{"rendered":"<p>Deputeti i PD, Belind K\u00eblli\u00e7i ka hedhur akuza ndaj kryeministrit Edi Rama duke e quajtur autor t\u00eb krimit mjedisor.\u00a0N\u00eb postimin e tij n\u00eb Facebook, K\u00eblli\u00e7i ka cituar nj\u00eb raport t\u00eb Korporat\u00ebs Financiare Nd\u00ebrkomb\u00ebtare (IFC) e cila ka pezulluar projektin n\u00eb Shqip\u00ebri pasi qeveria Rama zgjodhi rrug\u00ebn e incenerator\u00ebve.<\/p>\n<p><strong>Reagimi i Belind K\u00eblli\u00e7it<\/strong><\/p>\n<p>Korporata Financiare Nd\u00ebrkomb\u00ebtare (IFC) pezullon projektin n\u00eb Shqip\u00ebri pasi qeveria Rama zgjodhi rrug\u00ebn e incenerator\u00ebve.<\/p>\n<p>K\u00ebshtu shkruhet n\u00eb nj\u00eb raport t\u00eb Grupit t\u00eb Bank\u00ebs Bot\u00ebrore mbi Mb\u00ebshtetjen e Menaxhimit t\u00eb Mbetjeve t\u00eb Ngurta p\u00ebr Bashkit\u00eb n\u00eb vitet 2010-2020.<\/p>\n<p>IFC dhe qeveria Rama nuk ndan\u00eb t\u00eb nj\u00ebjtin mendim p\u00ebr menaxhimin e mbetjeve.<\/p>\n<p>Projekti p\u00ebr Menaxhimin e Zon\u00ebs Bregdetare synonte q\u00eb t\u00eb mb\u00ebshteste turizmin n\u00eb qytetin e Sarand\u00ebs pjes\u00ebrisht p\u00ebrmes p\u00ebrmir\u00ebsimeve n\u00eb menaxhimin e mbetjeve t\u00eb ngurta lokale.<\/p>\n<p>Projekti u pezullua p\u00ebr shkak t\u00eb mosangazhimit t\u00eb qeveris\u00eb Rama dhe se p\u00ebrgjegj\u00ebsia e depozitimit t\u00eb mbetjeve iu transferua Ministris\u00eb s\u00eb Mjedisit, e cila donte t\u00eb promovonte incenerator\u00ebt si zgjidhje.<\/p>\n<p>Qeveria miratoi nd\u00ebrkoh\u00eb tre projekte p\u00ebr incenerator\u00ebt p\u00ebrmes PPP-ve, koncesionin e trajtimit t\u00eb mbetjeve Elbasan dhe inceneratorin e trajtimit t\u00eb mbetjeve Fier.<\/p>\n<p>T\u00eb dy n\u00ebn hetim nga SPAK.<\/p>\n<p>Rama zgjodhi incenerator\u00ebt se aty q\u00ebndonte mund\u00ebsia p\u00ebr t\u00eb vjedhur. SPAK duhet t\u00eb veproj\u00eb me urgjenc\u00eb!<\/p>\n<p><img loading=\"lazy\" decoding=\"async\" class=\"alignnone size-medium wp-image-10442\" src=\"https:\/\/rdnews.al\/wp-content\/uploads\/2022\/04\/rama-9-300x300.jpg\" alt=\"\" width=\"300\" height=\"300\" \/><\/p>\n","protected":false},"excerpt":{"rendered":"<p>Deputeti i PD, Belind K\u00eblli\u00e7i ka hedhur akuza ndaj kryeministrit Edi Rama duke e quajtur autor t\u00eb krimit mjedisor.\u00a0N\u00eb postimin e tij n\u00eb Facebook, K\u00eblli\u00e7i ka cituar nj\u00eb raport t\u00eb Korporat\u00ebs Financiare Nd\u00ebrkomb\u00ebtare (IFC) e cila ka pezulluar projektin n\u00eb Shqip\u00ebri pasi qeveria Rama zgjodhi rrug\u00ebn e incenerator\u00ebve. Reagimi i Belind K\u00eblli\u00e7it Korporata Financiare Nd\u00ebrkomb\u00ebtare &hellip;<\/p>\n","protected":false},"author":4,"featured_media":0,"comment_status":"open","ping_status":"open","sticky":false,"template":"","format":"standard","meta":{"footnotes":""},"categories":[40],"tags":[],"class_list":["post-10440","post","type-post","status-publish","format-standard","","category-aktualitet"],"_links":{"self":[{"href":"https:\/\/rdnews.al\/index.php\/wp-json\/wp\/v2\/posts\/10440","targetHints":{"allow":["GET"]}}],"collection":[{"href":"https:\/\/rdnews.al\/index.php\/wp-json\/wp\/v2\/posts"}],"about":[{"href":"https:\/\/rdnews.al\/index.php\/wp-json\/wp\/v2\/types\/post"}],"author":[{"embeddable":true,"href":"https:\/\/rdnews.al\/index.php\/wp-json\/wp\/v2\/users\/4"}],"replies":[{"embeddable":true,"href":"https:\/\/rdnews.al\/index.php\/wp-json\/wp\/v2\/comments?post=10440"}],"version-history":[{"count":0,"href":"https:\/\/rdnews.al\/index.php\/wp-json\/wp\/v2\/posts\/10440\/revisions"}],"wp:attachment":[{"href":"https:\/\/rdnews.al\/index.php\/wp-json\/wp\/v2\/media?parent=10440"}],"wp:term":[{"taxonomy":"category","embeddable":true,"href":"https:\/\/rdnews.al\/index.php\/wp-json\/wp\/v2\/categories?post=10440"},{"taxonomy":"post_tag","embeddable":true,"href":"https:\/\/rdnews.al\/index.php\/wp-json\/wp\/v2\/tags?post=10440"}],"curies":[{"name":"wp","href":"https:\/\/api.w.org\/{rel}","templated":true}]}}