{"id":104412,"date":"2025-02-13T10:33:31","date_gmt":"2025-02-13T10:33:31","guid":{"rendered":"https:\/\/rdnews.al\/?p=104412"},"modified":"2025-02-13T10:33:31","modified_gmt":"2025-02-13T10:33:31","slug":"drejtoret-e-veliajt-para-gjkko-bardhi-u-urdherua-administrata-e-bashkise-te-beje-presion-mbi-drejtesine","status":"publish","type":"post","link":"https:\/\/rdnews.al\/index.php\/2025\/02\/13\/drejtoret-e-veliajt-para-gjkko-bardhi-u-urdherua-administrata-e-bashkise-te-beje-presion-mbi-drejtesine\/","title":{"rendered":"Drejtor\u00ebt e Veliajt para GJKKO\/ Bardhi: U urdh\u00ebrua administrata e Bashkis\u00eb t\u00eb b\u00ebj\u00eb presion mbi drejt\u00ebsin\u00eb!"},"content":{"rendered":"<p>N\u00eb Kuvend u diskutua edhe p\u00ebr faktin se shum\u00eb simpatizant\u00eb t\u00eb kryetarit t\u00eb Bashkis\u00eb s\u00eb Tiran\u00ebs Erion Veliaj u mblodh\u00ebn p\u00ebrpara GJKKO-s\u00eb. Bardhi u shpreh se \u00ebsht\u00eb urdh\u00ebruar administrata e Bashkis\u00eb q\u00eb t\u00eb ushtrohet presion ndaj institucioneve t\u00eb drejt\u00ebsis\u00eb.<\/p>\n<p>Nd\u00ebrsa, ministri Hoxha replikoi, duke th\u00ebn\u00eb se nuk ka qen\u00eb nj\u00eb protest\u00eb, por p\u00ebrpara GJKKO ishin simpatizant\u00eb dhe se nuk ka pasur incidente.<\/p>\n<p>\u201cPjes\u00ebmarr\u00ebsit dje kan\u00eb penguar makin\u00ebn e policis\u00eb q\u00eb t\u00eb dilte nga GJKKO, q\u00eb po merrte nj\u00eb t\u00eb akuzuar p\u00ebr korrupsion. U urdh\u00ebrua administrata e Bashkis\u00eb q\u00eb t\u00eb ushtrohet presion ndaj institucioneve t\u00eb drejt\u00ebsis\u00eb. Ata njer\u00ebz paguhen p\u00ebr t\u2019ju sh\u00ebrbyer qytetar\u00ebve dhe jo t\u00eb shkojn\u00eb aty t\u00eb b\u00ebjn\u00eb presion ndaj drejt\u00ebsis\u00eb\u201d, tha Bardhi.<\/p>\n","protected":false},"excerpt":{"rendered":"<p>N\u00eb Kuvend u diskutua edhe p\u00ebr faktin se shum\u00eb simpatizant\u00eb t\u00eb kryetarit t\u00eb Bashkis\u00eb s\u00eb Tiran\u00ebs Erion Veliaj u mblodh\u00ebn p\u00ebrpara GJKKO-s\u00eb. Bardhi u shpreh se \u00ebsht\u00eb urdh\u00ebruar administrata e Bashkis\u00eb q\u00eb t\u00eb ushtrohet presion ndaj institucioneve t\u00eb drejt\u00ebsis\u00eb. Nd\u00ebrsa, ministri Hoxha replikoi, duke th\u00ebn\u00eb se nuk ka qen\u00eb nj\u00eb protest\u00eb, por p\u00ebrpara GJKKO ishin &hellip;<\/p>\n","protected":false},"author":4,"featured_media":97585,"comment_status":"closed","ping_status":"closed","sticky":false,"template":"","format":"standard","meta":{"footnotes":""},"categories":[37],"tags":[],"class_list":["post-104412","post","type-post","status-publish","format-standard","has-post-thumbnail","","category-politike"],"_links":{"self":[{"href":"https:\/\/rdnews.al\/index.php\/wp-json\/wp\/v2\/posts\/104412","targetHints":{"allow":["GET"]}}],"collection":[{"href":"https:\/\/rdnews.al\/index.php\/wp-json\/wp\/v2\/posts"}],"about":[{"href":"https:\/\/rdnews.al\/index.php\/wp-json\/wp\/v2\/types\/post"}],"author":[{"embeddable":true,"href":"https:\/\/rdnews.al\/index.php\/wp-json\/wp\/v2\/users\/4"}],"replies":[{"embeddable":true,"href":"https:\/\/rdnews.al\/index.php\/wp-json\/wp\/v2\/comments?post=104412"}],"version-history":[{"count":1,"href":"https:\/\/rdnews.al\/index.php\/wp-json\/wp\/v2\/posts\/104412\/revisions"}],"predecessor-version":[{"id":104413,"href":"https:\/\/rdnews.al\/index.php\/wp-json\/wp\/v2\/posts\/104412\/revisions\/104413"}],"wp:featuredmedia":[{"embeddable":true,"href":"https:\/\/rdnews.al\/index.php\/wp-json\/wp\/v2\/media\/97585"}],"wp:attachment":[{"href":"https:\/\/rdnews.al\/index.php\/wp-json\/wp\/v2\/media?parent=104412"}],"wp:term":[{"taxonomy":"category","embeddable":true,"href":"https:\/\/rdnews.al\/index.php\/wp-json\/wp\/v2\/categories?post=104412"},{"taxonomy":"post_tag","embeddable":true,"href":"https:\/\/rdnews.al\/index.php\/wp-json\/wp\/v2\/tags?post=104412"}],"curies":[{"name":"wp","href":"https:\/\/api.w.org\/{rel}","templated":true}]}}