{"id":104414,"date":"2025-02-13T10:38:33","date_gmt":"2025-02-13T10:38:33","guid":{"rendered":"https:\/\/rdnews.al\/?p=104414"},"modified":"2025-02-13T10:38:43","modified_gmt":"2025-02-13T10:38:43","slug":"nuk-ka-siguri-as-ne-shkolla-plagoset-me-thike-nje-nxenes-16-vjecar-ne-shkolle","status":"publish","type":"post","link":"https:\/\/rdnews.al\/index.php\/2025\/02\/13\/nuk-ka-siguri-as-ne-shkolla-plagoset-me-thike-nje-nxenes-16-vjecar-ne-shkolle\/","title":{"rendered":"Nuk ka siguri as n\u00eb shkolla! Plagoset me thik\u00eb nj\u00eb nx\u00ebn\u00ebs 16-vje\u00e7ar n\u00eb shkoll\u00eb"},"content":{"rendered":"<p>Nj\u00eb tjet\u00ebr ngjarje e r\u00ebnd\u00eb ka ndodhur n\u00eb nj\u00eb shkoll\u00eb ku nj\u00eb nx\u00ebn\u00ebs16-vje\u00e7ar \u00ebsht\u00eb plagosur me thik\u00eb n\u00eb Baz t\u00eb Mat<\/p>\n<p>Ngjarja ka ndodhur n\u00eb shkoll\u00ebn \u201cGjergj Kastrioti\u201d.<\/p>\n<p>16-vje\u00e7ari \u00ebsht\u00eb d\u00ebrguar me urgjenc\u00eb n\u00eb Spitalin e Burrelit.<\/p>\n","protected":false},"excerpt":{"rendered":"<p>Nj\u00eb tjet\u00ebr ngjarje e r\u00ebnd\u00eb ka ndodhur n\u00eb nj\u00eb shkoll\u00eb ku nj\u00eb nx\u00ebn\u00ebs16-vje\u00e7ar \u00ebsht\u00eb plagosur me thik\u00eb n\u00eb Baz t\u00eb Mat Ngjarja ka ndodhur n\u00eb shkoll\u00ebn \u201cGjergj Kastrioti\u201d. 16-vje\u00e7ari \u00ebsht\u00eb d\u00ebrguar me urgjenc\u00eb n\u00eb Spitalin e Burrelit.<\/p>\n","protected":false},"author":4,"featured_media":96074,"comment_status":"closed","ping_status":"closed","sticky":false,"template":"","format":"standard","meta":{"footnotes":""},"categories":[37],"tags":[],"class_list":["post-104414","post","type-post","status-publish","format-standard","has-post-thumbnail","","category-politike"],"_links":{"self":[{"href":"https:\/\/rdnews.al\/index.php\/wp-json\/wp\/v2\/posts\/104414","targetHints":{"allow":["GET"]}}],"collection":[{"href":"https:\/\/rdnews.al\/index.php\/wp-json\/wp\/v2\/posts"}],"about":[{"href":"https:\/\/rdnews.al\/index.php\/wp-json\/wp\/v2\/types\/post"}],"author":[{"embeddable":true,"href":"https:\/\/rdnews.al\/index.php\/wp-json\/wp\/v2\/users\/4"}],"replies":[{"embeddable":true,"href":"https:\/\/rdnews.al\/index.php\/wp-json\/wp\/v2\/comments?post=104414"}],"version-history":[{"count":2,"href":"https:\/\/rdnews.al\/index.php\/wp-json\/wp\/v2\/posts\/104414\/revisions"}],"predecessor-version":[{"id":104417,"href":"https:\/\/rdnews.al\/index.php\/wp-json\/wp\/v2\/posts\/104414\/revisions\/104417"}],"wp:featuredmedia":[{"embeddable":true,"href":"https:\/\/rdnews.al\/index.php\/wp-json\/wp\/v2\/media\/96074"}],"wp:attachment":[{"href":"https:\/\/rdnews.al\/index.php\/wp-json\/wp\/v2\/media?parent=104414"}],"wp:term":[{"taxonomy":"category","embeddable":true,"href":"https:\/\/rdnews.al\/index.php\/wp-json\/wp\/v2\/categories?post=104414"},{"taxonomy":"post_tag","embeddable":true,"href":"https:\/\/rdnews.al\/index.php\/wp-json\/wp\/v2\/tags?post=104414"}],"curies":[{"name":"wp","href":"https:\/\/api.w.org\/{rel}","templated":true}]}}