{"id":104633,"date":"2025-02-14T19:48:31","date_gmt":"2025-02-14T19:48:31","guid":{"rendered":"https:\/\/rdnews.al\/?p=104633"},"modified":"2025-02-14T19:48:47","modified_gmt":"2025-02-14T19:48:47","slug":"elda-hoti-majlinda-cara-e-bashkise-kurbin-317-milione-leke-tender-korruptiv-shokut-te-erion-veliajt","status":"publish","type":"post","link":"https:\/\/rdnews.al\/index.php\/2025\/02\/14\/elda-hoti-majlinda-cara-e-bashkise-kurbin-317-milione-leke-tender-korruptiv-shokut-te-erion-veliajt\/","title":{"rendered":"Hoti: Majlinda Cara e Bashkis\u00eb Kurbin 317 milion\u00eb lek\u00eb tender korruptiv shokut t\u00eb Erion Veliajt"},"content":{"rendered":"<p><strong>DEKLARAT\u00cb P\u00cbR MEDIA DEPUTETJA E PD, ELDA HOTI<\/strong><\/p>\n<p>Nuk \u00ebsht\u00eb hera e par\u00eb q\u00eb publikisht nga kjo foltore e opozit\u00ebs denoncojm\u00eb abuzimet me tenderat dhe shp\u00ebrdorimin e detyr\u00ebs nga kryetarja e Bashkis\u00eb Kurbin, Majlinda Cara.<br \/>\nMe sa duket, vjedhja e taksave t\u00eb qytetar\u00ebve nga sindrom\u00eb \u00ebsht\u00eb kthyer n\u00eb pandemi p\u00ebr zyrtar\u00ebt e Rilindjes.<br \/>\nSot dua t\u00eb denoncoj nj\u00eb tjet\u00ebr afer\u00eb t\u00eb zonj\u00ebs Cara, e cila duket se institucionin q\u00eb drejton e konsideron si feud n\u00eb sh\u00ebrbim t\u00eb saj dhe shok\u00ebve rilindas, q\u00eb pasi kan\u00eb vjedhur nj\u00ebsoj si ajo n\u00eb vendet ku kan\u00eb qen\u00eb, tashm\u00eb jan\u00eb shnd\u00ebrruar n\u00eb biznesmen\u00eb.<br \/>\nK\u00ebt\u00eb her\u00eb b\u00ebhet fjal\u00eb p\u00ebr nj\u00eb kontrat\u00eb prej m\u00eb shum\u00eb se 317 milion\u00eb lek\u00ebsh ose 3.2 milion\u00eb euro n\u00eb kuad\u00ebr t\u00eb rind\u00ebrtimit pas t\u00ebrmetit t\u00eb vitit 2019, q\u00eb i \u00ebsht\u00eb dh\u00ebn\u00eb bashkimit t\u00eb operator\u00ebve Arb&amp;Trans SHPK dhe Everest SHPK.<br \/>\nDuhet t\u00eb sqarojm\u00eb se administratori de jure i kompanis\u00eb Arb&amp;Trans SHPK \u00ebsht\u00eb Shyqyri Maloku, babai i Arben Malokut, ish-Administratori i Nj\u00ebsis\u00eb Administrative Zall Herr.<br \/>\nArben Maloku njihet si bashk\u00ebpun\u00ebtor i ngusht\u00eb i Erion Veliaj, i p\u00ebrfolur jo pak p\u00ebr tenderat korruptiv\u00eb q\u00eb ka marr\u00eb nga Bashkia Tiran\u00eb, t\u00eb cilat shkojn\u00eb n\u00eb miliona euro.<br \/>\nI vetmi ndryshim me Veliaj-n \u00ebsht\u00eb se burgun p\u00ebr korrupsionin e Arbenit po e vuan babai i tij, Shyqyri Maloku.<br \/>\nKontrata me kompanin\u00eb sipas dokumenteve q\u00eb ne disponojm\u00eb \u00ebsht\u00eb lidhur n\u00eb korrik t\u00eb vitit 2023, pra rreth kat\u00ebr vjet pas t\u00ebrmetit, nd\u00ebrsa procedurat kan\u00eb filluar n\u00eb vitin 2022. Theksojm\u00eb se tenderi \u00ebsht\u00eb zhvilluar me procedur\u00eb t\u00eb kufizuar, e cila p\u00ebrdoret n\u00eb rastet e emergjenc\u00ebs dhe autoritetit kontraktor, n\u00eb k\u00ebt\u00eb rast Bashkia e Kurbinit, i lind e drejta t\u00eb p\u00ebrzgjedh\u00eb kompanit\u00eb me t\u00eb cilat do operoj\u00eb.<br \/>\nDuket se zonja Cara, jo rast\u00ebsisht, ka zgjedhur shokun e saj Rilindas.<br \/>\nNga ana tjet\u00ebr, n\u00eb kontrat\u00eb thuhet se punimet duhej t\u00eb mbaronin pas nj\u00eb viti, pra n\u00eb korrik t\u00eb vitit 2024, dhe banor\u00ebt p\u00ebrfitues duhej t\u00eb ishin n\u00eb sht\u00ebpit\u00eb e tyre, por megjith\u00ebse kan\u00eb kaluar m\u00eb shum\u00eb se shtat\u00eb muaj nga p\u00ebrfundimi i afatit, s\u00ebrish k\u00ebto godina nuk jan\u00eb mbaruar.<br \/>\nKy \u00ebsht\u00eb nj\u00eb rast i p\u00ebrs\u00ebritur.<br \/>\nMajlinda Cara \u00ebsht\u00eb denoncuar dhe m\u00eb par\u00eb p\u00ebr fondet e rind\u00ebrtimit apo abuzimet q\u00eb ka b\u00ebr\u00eb me pronat e qytetar\u00ebve. N\u00eb qoft\u00eb se institucionet do t\u00eb vepronin, ajo sot nuk do t\u00eb ishte ne karrigen e kryetares se bashkis\u00eb, por do t\u00eb ishte n\u00eb kuvlin\u00eb e t\u00eb pandehur\u00ebs, duke u p\u00ebrballur me drejt\u00ebsin\u00eb.<br \/>\nMe sa duket, Rama nuk ka vendosur ende ta flak\u00eb si limon t\u00eb shtrydhur, si\u00e7 b\u00ebri me kolegun e saj Veliaj, t\u00eb cilit i zuri m\u00eb pas vendin, pasi i duhet dikush n\u00eb Bashkin\u00eb Kurbin p\u00ebr t\u00eb vijuar me abuzimet e taksave dhe vjedhjen e votave.<\/p>\n","protected":false},"excerpt":{"rendered":"<p>DEKLARAT\u00cb P\u00cbR MEDIA DEPUTETJA E PD, ELDA HOTI Nuk \u00ebsht\u00eb hera e par\u00eb q\u00eb publikisht nga kjo foltore e opozit\u00ebs denoncojm\u00eb abuzimet me tenderat dhe shp\u00ebrdorimin e detyr\u00ebs nga kryetarja e Bashkis\u00eb Kurbin, Majlinda Cara. Me sa duket, vjedhja e taksave t\u00eb qytetar\u00ebve nga sindrom\u00eb \u00ebsht\u00eb kthyer n\u00eb pandemi p\u00ebr zyrtar\u00ebt e Rilindjes. Sot dua &hellip;<\/p>\n","protected":false},"author":4,"featured_media":104634,"comment_status":"closed","ping_status":"closed","sticky":false,"template":"","format":"standard","meta":{"footnotes":""},"categories":[37],"tags":[],"class_list":["post-104633","post","type-post","status-publish","format-standard","has-post-thumbnail","","category-politike"],"_links":{"self":[{"href":"https:\/\/rdnews.al\/index.php\/wp-json\/wp\/v2\/posts\/104633","targetHints":{"allow":["GET"]}}],"collection":[{"href":"https:\/\/rdnews.al\/index.php\/wp-json\/wp\/v2\/posts"}],"about":[{"href":"https:\/\/rdnews.al\/index.php\/wp-json\/wp\/v2\/types\/post"}],"author":[{"embeddable":true,"href":"https:\/\/rdnews.al\/index.php\/wp-json\/wp\/v2\/users\/4"}],"replies":[{"embeddable":true,"href":"https:\/\/rdnews.al\/index.php\/wp-json\/wp\/v2\/comments?post=104633"}],"version-history":[{"count":2,"href":"https:\/\/rdnews.al\/index.php\/wp-json\/wp\/v2\/posts\/104633\/revisions"}],"predecessor-version":[{"id":104636,"href":"https:\/\/rdnews.al\/index.php\/wp-json\/wp\/v2\/posts\/104633\/revisions\/104636"}],"wp:featuredmedia":[{"embeddable":true,"href":"https:\/\/rdnews.al\/index.php\/wp-json\/wp\/v2\/media\/104634"}],"wp:attachment":[{"href":"https:\/\/rdnews.al\/index.php\/wp-json\/wp\/v2\/media?parent=104633"}],"wp:term":[{"taxonomy":"category","embeddable":true,"href":"https:\/\/rdnews.al\/index.php\/wp-json\/wp\/v2\/categories?post=104633"},{"taxonomy":"post_tag","embeddable":true,"href":"https:\/\/rdnews.al\/index.php\/wp-json\/wp\/v2\/tags?post=104633"}],"curies":[{"name":"wp","href":"https:\/\/api.w.org\/{rel}","templated":true}]}}